{"id":8926,"date":"2025-09-30T13:48:47","date_gmt":"2025-09-30T11:48:47","guid":{"rendered":"http:\/\/zs.wolczyn.pl\/lo\/?p=8926"},"modified":"2025-09-30T13:49:30","modified_gmt":"2025-09-30T11:49:30","slug":"dzien-patrona-liceum-ogolnoksztalcacego-im-szarych-szeregow","status":"publish","type":"post","link":"http:\/\/zs.wolczyn.pl\/lo\/dzien-patrona-liceum-ogolnoksztalcacego-im-szarych-szeregow\/","title":{"rendered":"Dzie\u0144 Patrona Liceum Og\u00f3lnokszta\u0142c\u0105cego im. Szarych Szereg\u00f3w"},"content":{"rendered":"<p>Dzisiaj podczas obchod\u00f3w Patrona Szko\u0142y odby\u0142o si\u0119 uroczyste przyj\u0119cie uczni\u00f3w klasy pierwszej do grona spo\u0142eczno\u015bci liceum. Nasz\u0105 uroczysto\u015b\u0107 swoj\u0105 obecno\u015bci\u0105 u\u015bwietnili przedstawiciele kuratorium, w\u0142adz samorz\u0105dowych, Zwi\u0105zku Sybirak\u00f3w oraz harcerze. Podczas uroczysto\u015bci, przytaczaj\u0105c s\u0142owa Krzysztofa Kamila Baczy\u0144skiego, g\u0142os zabra\u0142a pani dyrektor Ewa W\u0142os, zwracaj\u0105c licealistom uwag\u0119 na po\u015bwi\u0119cenie i akty odwagi m\u0142odych ludzi, kt\u00f3rzy patronuj\u0105 naszej szkole.<\/p>\nngg_shortcode_0_placeholder\n","protected":false},"excerpt":{"rendered":"<p>Dzisiaj podczas obchod\u00f3w Patrona Szko\u0142y odby\u0142o si\u0119 uroczyste przyj\u0119cie uczni\u00f3w klasy pierwszej do grona spo\u0142eczno\u015bci liceum. Nasz\u0105 uroczysto\u015b\u0107 swoj\u0105 obecno\u015bci\u0105 <a href=\"http:\/\/zs.wolczyn.pl\/lo\/dzien-patrona-liceum-ogolnoksztalcacego-im-szarych-szeregow\/\" class=\"read-more\">Czytaj dalej &#8230;<\/a><\/p>\n","protected":false},"author":1,"featured_media":8965,"comment_status":"closed","ping_status":"closed","sticky":false,"template":"","format":"standard","meta":{"ngg_post_thumbnail":0,"footnotes":""},"categories":[17],"tags":[],"class_list":["post-8926","post","type-post","status-publish","format-standard","has-post-thumbnail","hentry","category-z-zycia-szkoly"],"_links":{"self":[{"href":"http:\/\/zs.wolczyn.pl\/lo\/wp-json\/wp\/v2\/posts\/8926"}],"collection":[{"href":"http:\/\/zs.wolczyn.pl\/lo\/wp-json\/wp\/v2\/posts"}],"about":[{"href":"http:\/\/zs.wolczyn.pl\/lo\/wp-json\/wp\/v2\/types\/post"}],"author":[{"embeddable":true,"href":"http:\/\/zs.wolczyn.pl\/lo\/wp-json\/wp\/v2\/users\/1"}],"replies":[{"embeddable":true,"href":"http:\/\/zs.wolczyn.pl\/lo\/wp-json\/wp\/v2\/comments?post=8926"}],"version-history":[{"count":1,"href":"http:\/\/zs.wolczyn.pl\/lo\/wp-json\/wp\/v2\/posts\/8926\/revisions"}],"predecessor-version":[{"id":8966,"href":"http:\/\/zs.wolczyn.pl\/lo\/wp-json\/wp\/v2\/posts\/8926\/revisions\/8966"}],"wp:featuredmedia":[{"embeddable":true,"href":"http:\/\/zs.wolczyn.pl\/lo\/wp-json\/wp\/v2\/media\/8965"}],"wp:attachment":[{"href":"http:\/\/zs.wolczyn.pl\/lo\/wp-json\/wp\/v2\/media?parent=8926"}],"wp:term":[{"taxonomy":"category","embeddable":true,"href":"http:\/\/zs.wolczyn.pl\/lo\/wp-json\/wp\/v2\/categories?post=8926"},{"taxonomy":"post_tag","embeddable":true,"href":"http:\/\/zs.wolczyn.pl\/lo\/wp-json\/wp\/v2\/tags?post=8926"}],"curies":[{"name":"wp","href":"https:\/\/api.w.org\/{rel}","templated":true}]}}