{"id":8978,"date":"2025-09-29T11:12:01","date_gmt":"2025-09-29T09:12:01","guid":{"rendered":"http:\/\/zs.wolczyn.pl\/lo\/?p=8978"},"modified":"2025-10-01T14:01:02","modified_gmt":"2025-10-01T12:01:02","slug":"wycieczka-klasy-4alo-do-zakopanego","status":"publish","type":"post","link":"http:\/\/zs.wolczyn.pl\/lo\/wycieczka-klasy-4alo-do-zakopanego\/","title":{"rendered":"Wycieczka klasy 4ALO do Zakopanego"},"content":{"rendered":"<p>Uczniowie klasy 4aLO w dniach 24-26 wrze\u015bnia odwiedzili Zakopane. Spacerowali po Krup\u00f3wkach, podziwiali widoki z Guba\u0142\u00f3wki i relaksowali si\u0119 na termach. Nie zabrak\u0142o tak\u017ce wsp\u00f3lnej integracji i \u015bwietnej zabawy. Na zako\u0144czenie odwiedzili pi\u0119kny Krak\u00f3w.<\/p>\n<p>Podzi\u0119kowania za zorganizowanie wycieczki oraz opiek\u0119 uczniowie sk\u0142adaj\u0105 nauczycielom: Pani Franciszce \u0141\u0119czy\u0144skiej oraz Panu Arkadiuszowi \u0141uszczy\u0144skiemu. By\u0142o to kilka intensywnych dni pe\u0142nych wra\u017ce\u0144!<\/p>\nngg_shortcode_0_placeholder\n","protected":false},"excerpt":{"rendered":"<p>Uczniowie klasy 4aLO w dniach 24-26 wrze\u015bnia odwiedzili Zakopane. Spacerowali po Krup\u00f3wkach, podziwiali widoki z Guba\u0142\u00f3wki i relaksowali si\u0119 na <a href=\"http:\/\/zs.wolczyn.pl\/lo\/wycieczka-klasy-4alo-do-zakopanego\/\" class=\"read-more\">Czytaj dalej &#8230;<\/a><\/p>\n","protected":false},"author":1,"featured_media":9026,"comment_status":"closed","ping_status":"closed","sticky":false,"template":"","format":"standard","meta":{"ngg_post_thumbnail":0,"footnotes":""},"categories":[17],"tags":[],"class_list":["post-8978","post","type-post","status-publish","format-standard","has-post-thumbnail","hentry","category-z-zycia-szkoly"],"_links":{"self":[{"href":"http:\/\/zs.wolczyn.pl\/lo\/wp-json\/wp\/v2\/posts\/8978"}],"collection":[{"href":"http:\/\/zs.wolczyn.pl\/lo\/wp-json\/wp\/v2\/posts"}],"about":[{"href":"http:\/\/zs.wolczyn.pl\/lo\/wp-json\/wp\/v2\/types\/post"}],"author":[{"embeddable":true,"href":"http:\/\/zs.wolczyn.pl\/lo\/wp-json\/wp\/v2\/users\/1"}],"replies":[{"embeddable":true,"href":"http:\/\/zs.wolczyn.pl\/lo\/wp-json\/wp\/v2\/comments?post=8978"}],"version-history":[{"count":1,"href":"http:\/\/zs.wolczyn.pl\/lo\/wp-json\/wp\/v2\/posts\/8978\/revisions"}],"predecessor-version":[{"id":8994,"href":"http:\/\/zs.wolczyn.pl\/lo\/wp-json\/wp\/v2\/posts\/8978\/revisions\/8994"}],"wp:featuredmedia":[{"embeddable":true,"href":"http:\/\/zs.wolczyn.pl\/lo\/wp-json\/wp\/v2\/media\/9026"}],"wp:attachment":[{"href":"http:\/\/zs.wolczyn.pl\/lo\/wp-json\/wp\/v2\/media?parent=8978"}],"wp:term":[{"taxonomy":"category","embeddable":true,"href":"http:\/\/zs.wolczyn.pl\/lo\/wp-json\/wp\/v2\/categories?post=8978"},{"taxonomy":"post_tag","embeddable":true,"href":"http:\/\/zs.wolczyn.pl\/lo\/wp-json\/wp\/v2\/tags?post=8978"}],"curies":[{"name":"wp","href":"https:\/\/api.w.org\/{rel}","templated":true}]}}