{"id":9044,"date":"2025-10-09T12:08:46","date_gmt":"2025-10-09T10:08:46","guid":{"rendered":"http:\/\/zs.wolczyn.pl\/lo\/?p=9044"},"modified":"2025-10-09T12:15:37","modified_gmt":"2025-10-09T10:15:37","slug":"kolejny-raz-bierzemy-udzial-w-kampanii-dziecinstwo-bez-przemocy","status":"publish","type":"post","link":"http:\/\/zs.wolczyn.pl\/lo\/kolejny-raz-bierzemy-udzial-w-kampanii-dziecinstwo-bez-przemocy\/","title":{"rendered":"Kolejny raz bierzemy udzia\u0142 w Kampanii Dzieci\u0144stwo Bez Przemocy"},"content":{"rendered":"<p><span class=\"x193iq5w xeuugli x13faqbe x1vvkbs x1xmvt09 x1lliihq x1s928wv xhkezso x1gmr53x x1cpjm7i x1fgarty x1943h6x xudqn12 x3x7a5m x6prxxf xvq8zen xo1l8bm xzsf02u x1yc453h\" dir=\"auto\"><img decoding=\"async\" class=\" wp-image-9045 alignleft\" src=\"http:\/\/zs.wolczyn.pl\/lo\/wp-content\/uploads\/2025\/10\/Dziecinstwo-bez-przemocy-logo-1-300x271.png\" alt=\"\" width=\"199\" height=\"180\" srcset=\"http:\/\/zs.wolczyn.pl\/lo\/wp-content\/uploads\/2025\/10\/Dziecinstwo-bez-przemocy-logo-1-300x271.png 300w, http:\/\/zs.wolczyn.pl\/lo\/wp-content\/uploads\/2025\/10\/Dziecinstwo-bez-przemocy-logo-1-299x270.png 299w, http:\/\/zs.wolczyn.pl\/lo\/wp-content\/uploads\/2025\/10\/Dziecinstwo-bez-przemocy-logo-1.png 460w\" sizes=\"(max-width: 199px) 100vw, 199px\" \/>Dzieci\u0144stwo bez Przemocy to coroczna og\u00f3lnopolska kampania, kt\u00f3ra mobilizuje spo\u0142ecze\u0144stwo do ochrony dzieci przed przemoc\u0105 i budowania bezpiecznego, wspieraj\u0105cego dzieci\u0144stwa. W tym roku nasza szko\u0142a ponownie przy\u0142\u0105cza si\u0119 do tej akcji. Tegoroczna edycja rozpocz\u0119\u0142a si\u0119 6 pa\u017adziernika inauguracyjn\u0105 konferencj\u0105 w Warszawie, a jej kulminacj\u0105 b\u0119dzie 19 listopada \u2014 Mi\u0119dzynarodowy Dzie\u0144 Przeciwdzia\u0142ania Przemocy wobec Dzieci, kiedy Polska, w tym nasza szko\u0142a, zn\u00f3w za\u015bwieci na czerwono.<\/span><\/p>\n<p>Wi\u0119cej informacji na stronie organizatora &#8211; <a href=\"https:\/\/dziecinstwobezprzemocy.pl\/\" target=\"_blank\" rel=\"noopener\">dziecinstwobezprzemocy.pl<\/a><\/p>\n<p><a href=\"https:\/\/zs.wolczyn.pl\/lo\/konkurs-plastyczny\/\" target=\"_blank\" rel=\"noopener\">Konkurs plastyczny<\/a><\/p>\n<p><a href=\"https:\/\/zs.wolczyn.pl\/lo\/cele-kampanii\/\" target=\"_blank\" rel=\"noopener\">Cele Kampanii<\/a><\/p>\n<p><a href=\"https:\/\/zs.wolczyn.pl\/lo\/kampania-wspieraj-doceniaj\/\" target=\"_blank\" rel=\"noopener\">Wspieraj, doceniaj&#8230;<\/a><\/p>\n","protected":false},"excerpt":{"rendered":"<p>Dzieci\u0144stwo bez Przemocy to coroczna og\u00f3lnopolska kampania, kt\u00f3ra mobilizuje spo\u0142ecze\u0144stwo do ochrony dzieci przed przemoc\u0105 i budowania bezpiecznego, wspieraj\u0105cego dzieci\u0144stwa. <a href=\"http:\/\/zs.wolczyn.pl\/lo\/kolejny-raz-bierzemy-udzial-w-kampanii-dziecinstwo-bez-przemocy\/\" class=\"read-more\">Czytaj dalej &#8230;<\/a><\/p>\n","protected":false},"author":1,"featured_media":9047,"comment_status":"closed","ping_status":"closed","sticky":false,"template":"","format":"standard","meta":{"ngg_post_thumbnail":0,"footnotes":""},"categories":[17],"tags":[],"class_list":["post-9044","post","type-post","status-publish","format-standard","has-post-thumbnail","hentry","category-z-zycia-szkoly"],"_links":{"self":[{"href":"http:\/\/zs.wolczyn.pl\/lo\/wp-json\/wp\/v2\/posts\/9044"}],"collection":[{"href":"http:\/\/zs.wolczyn.pl\/lo\/wp-json\/wp\/v2\/posts"}],"about":[{"href":"http:\/\/zs.wolczyn.pl\/lo\/wp-json\/wp\/v2\/types\/post"}],"author":[{"embeddable":true,"href":"http:\/\/zs.wolczyn.pl\/lo\/wp-json\/wp\/v2\/users\/1"}],"replies":[{"embeddable":true,"href":"http:\/\/zs.wolczyn.pl\/lo\/wp-json\/wp\/v2\/comments?post=9044"}],"version-history":[{"count":1,"href":"http:\/\/zs.wolczyn.pl\/lo\/wp-json\/wp\/v2\/posts\/9044\/revisions"}],"predecessor-version":[{"id":9046,"href":"http:\/\/zs.wolczyn.pl\/lo\/wp-json\/wp\/v2\/posts\/9044\/revisions\/9046"}],"wp:featuredmedia":[{"embeddable":true,"href":"http:\/\/zs.wolczyn.pl\/lo\/wp-json\/wp\/v2\/media\/9047"}],"wp:attachment":[{"href":"http:\/\/zs.wolczyn.pl\/lo\/wp-json\/wp\/v2\/media?parent=9044"}],"wp:term":[{"taxonomy":"category","embeddable":true,"href":"http:\/\/zs.wolczyn.pl\/lo\/wp-json\/wp\/v2\/categories?post=9044"},{"taxonomy":"post_tag","embeddable":true,"href":"http:\/\/zs.wolczyn.pl\/lo\/wp-json\/wp\/v2\/tags?post=9044"}],"curies":[{"name":"wp","href":"https:\/\/api.w.org\/{rel}","templated":true}]}}