{"id":9057,"date":"2025-10-20T13:11:27","date_gmt":"2025-10-20T11:11:27","guid":{"rendered":"http:\/\/zs.wolczyn.pl\/lo\/?p=9057"},"modified":"2025-10-20T14:08:05","modified_gmt":"2025-10-20T12:08:05","slug":"udzial-licealistow-w-spektaklu-baczynski","status":"publish","type":"post","link":"http:\/\/zs.wolczyn.pl\/lo\/udzial-licealistow-w-spektaklu-baczynski\/","title":{"rendered":"Udzia\u0142 licealist\u00f3w w spektaklu \u201eBaczy\u0144ski\u201d"},"content":{"rendered":"<p style=\"text-align: left;\"><a href=\"http:\/\/zs.wolczyn.pl\/lo\/wp-content\/uploads\/2025\/10\/IMG-20251017-WA0003-scaled.jpg\" target=\"_blank\" rel=\"noopener\"><img fetchpriority=\"high\" decoding=\"async\" class=\"alignleft wp-image-9058 size-medium\" src=\"http:\/\/zs.wolczyn.pl\/lo\/wp-content\/uploads\/2025\/10\/IMG-20251017-WA0003-300x225.jpg\" alt=\"\" width=\"300\" height=\"225\" srcset=\"http:\/\/zs.wolczyn.pl\/lo\/wp-content\/uploads\/2025\/10\/IMG-20251017-WA0003-300x225.jpg 300w, http:\/\/zs.wolczyn.pl\/lo\/wp-content\/uploads\/2025\/10\/IMG-20251017-WA0003-1024x768.jpg 1024w, http:\/\/zs.wolczyn.pl\/lo\/wp-content\/uploads\/2025\/10\/IMG-20251017-WA0003-768x576.jpg 768w, http:\/\/zs.wolczyn.pl\/lo\/wp-content\/uploads\/2025\/10\/IMG-20251017-WA0003-1536x1152.jpg 1536w, http:\/\/zs.wolczyn.pl\/lo\/wp-content\/uploads\/2025\/10\/IMG-20251017-WA0003-2048x1536.jpg 2048w, http:\/\/zs.wolczyn.pl\/lo\/wp-content\/uploads\/2025\/10\/IMG-20251017-WA0003-360x270.jpg 360w\" sizes=\"(max-width: 300px) 100vw, 300px\" \/><\/a> <a href=\"http:\/\/zs.wolczyn.pl\/lo\/wp-content\/uploads\/2025\/10\/IMG-20251017-WA0005-scaled.jpg\" target=\"_blank\" rel=\"noopener\"><img decoding=\"async\" class=\"alignleft wp-image-9060 size-medium\" src=\"http:\/\/zs.wolczyn.pl\/lo\/wp-content\/uploads\/2025\/10\/IMG-20251017-WA0005-300x225.jpg\" alt=\"\" width=\"300\" height=\"225\" srcset=\"http:\/\/zs.wolczyn.pl\/lo\/wp-content\/uploads\/2025\/10\/IMG-20251017-WA0005-300x225.jpg 300w, http:\/\/zs.wolczyn.pl\/lo\/wp-content\/uploads\/2025\/10\/IMG-20251017-WA0005-1024x768.jpg 1024w, http:\/\/zs.wolczyn.pl\/lo\/wp-content\/uploads\/2025\/10\/IMG-20251017-WA0005-768x576.jpg 768w, http:\/\/zs.wolczyn.pl\/lo\/wp-content\/uploads\/2025\/10\/IMG-20251017-WA0005-1536x1152.jpg 1536w, http:\/\/zs.wolczyn.pl\/lo\/wp-content\/uploads\/2025\/10\/IMG-20251017-WA0005-2048x1536.jpg 2048w, http:\/\/zs.wolczyn.pl\/lo\/wp-content\/uploads\/2025\/10\/IMG-20251017-WA0005-360x270.jpg 360w\" sizes=\"(max-width: 300px) 100vw, 300px\" \/><\/a>Wsp\u00f3lnie z uczniami naszego liceum mieli\u015bmy zaszczyt uczestniczy\u0107 w niezwyk\u0142ym spektaklu \u201eBaczy\u0144ski\u201d w teatrze ekostudio w Opolu, po\u015bwi\u0119conym \u017cyciu i tw\u00f3rczo\u015bci Krzysztofa Kamila Baczy\u0144skiego.. Spektakl ukaza\u0142 Baczy\u0144skiego nie jako pomnikow\u0105 posta\u0107 z kart podr\u0119cznika, lecz jako m\u0142odego cz\u0142owieka \u2013 licealist\u0119, poet\u0119 i \u017co\u0142nierza, kt\u00f3ry m\u00f3g\u0142by by\u0107 ich r\u00f3wie\u015bnikiem, koleg\u0105 z klasy. Dzi\u0119ki temu uczniowie mogli spojrze\u0107 na jego tw\u00f3rczo\u015b\u0107 z nowej, bliskiej im perspektywy.<br \/>\nPo przedstawieniu odby\u0142o si\u0119 spotkanie z re\u017cyserem spektaklu, panem Andrzejem Czernikiem. Rozmowa z artyst\u0105 by\u0142a dla uczni\u00f3w niezwykle inspiruj\u0105cym dope\u0142nieniem teatralnego do\u015bwiadczenia. Liceali\u015bci zadawali pytania o interpretacj\u0119 wierszy, prac\u0119 nad rol\u0105 i przes\u0142aniem przedstawienia. Pan Andrzej Czernik w swoich odpowiedziach podkre\u015bla\u0142, \u017ce Krzysztof Kamil Baczy\u0144ski mo\u017ce by\u0107 dla nich prawdziwym autorytetem \u2013 starszym koleg\u0105, kt\u00f3ry swoim \u017cyciem i poezj\u0105 pokazuje, jak wa\u017cne s\u0105 warto\u015bci, wra\u017cliwo\u015b\u0107, odpowiedzialno\u015b\u0107 i odwaga w podejmowaniu wybor\u00f3w.<br \/>\nSerdecznie dzi\u0119kujemy panu Andrzejowi Czernikowi za mo\u017cliwo\u015b\u0107 uczestnictwa w tym niezwyk\u0142ym wydarzeniu oraz za m\u0105dre i poruszaj\u0105ce s\u0142owa skierowane do m\u0142odzie\u017cy. Dzi\u0119kujemy r\u00f3wnie\u017c organizatorom spektaklu za stworzenie przestrzeni, w kt\u00f3rej m\u0142odzi ludzie mogli odkry\u0107 w Baczy\u0144skim nie tylko poet\u0119, ale i autorytet \u2013 cz\u0142owieka, kt\u00f3ry swoj\u0105 postaw\u0105 i tw\u00f3rczo\u015bci\u0105 wci\u0105\u017c przemawia do kolejnych pokole\u0144.<\/p>\n<p>&nbsp;<\/p>\n<p style=\"text-align: right;\">Z wyrazami wdzi\u0119czno\u015bci i refleksji,<br \/>\nEwa W\u0142os<br \/>\nDyrektor Liceum Og\u00f3lnokszta\u0142c\u0105cego im. Szarych Szereg\u00f3w w Wo\u0142czynie.<\/p>\n","protected":false},"excerpt":{"rendered":"<p>Wsp\u00f3lnie z uczniami naszego liceum mieli\u015bmy zaszczyt uczestniczy\u0107 w niezwyk\u0142ym spektaklu \u201eBaczy\u0144ski\u201d w teatrze ekostudio w Opolu, po\u015bwi\u0119conym \u017cyciu i <a href=\"http:\/\/zs.wolczyn.pl\/lo\/udzial-licealistow-w-spektaklu-baczynski\/\" class=\"read-more\">Czytaj dalej &#8230;<\/a><\/p>\n","protected":false},"author":1,"featured_media":9061,"comment_status":"closed","ping_status":"closed","sticky":false,"template":"","format":"standard","meta":{"ngg_post_thumbnail":0,"footnotes":""},"categories":[17],"tags":[],"class_list":["post-9057","post","type-post","status-publish","format-standard","has-post-thumbnail","hentry","category-z-zycia-szkoly"],"_links":{"self":[{"href":"http:\/\/zs.wolczyn.pl\/lo\/wp-json\/wp\/v2\/posts\/9057"}],"collection":[{"href":"http:\/\/zs.wolczyn.pl\/lo\/wp-json\/wp\/v2\/posts"}],"about":[{"href":"http:\/\/zs.wolczyn.pl\/lo\/wp-json\/wp\/v2\/types\/post"}],"author":[{"embeddable":true,"href":"http:\/\/zs.wolczyn.pl\/lo\/wp-json\/wp\/v2\/users\/1"}],"replies":[{"embeddable":true,"href":"http:\/\/zs.wolczyn.pl\/lo\/wp-json\/wp\/v2\/comments?post=9057"}],"version-history":[{"count":4,"href":"http:\/\/zs.wolczyn.pl\/lo\/wp-json\/wp\/v2\/posts\/9057\/revisions"}],"predecessor-version":[{"id":9065,"href":"http:\/\/zs.wolczyn.pl\/lo\/wp-json\/wp\/v2\/posts\/9057\/revisions\/9065"}],"wp:featuredmedia":[{"embeddable":true,"href":"http:\/\/zs.wolczyn.pl\/lo\/wp-json\/wp\/v2\/media\/9061"}],"wp:attachment":[{"href":"http:\/\/zs.wolczyn.pl\/lo\/wp-json\/wp\/v2\/media?parent=9057"}],"wp:term":[{"taxonomy":"category","embeddable":true,"href":"http:\/\/zs.wolczyn.pl\/lo\/wp-json\/wp\/v2\/categories?post=9057"},{"taxonomy":"post_tag","embeddable":true,"href":"http:\/\/zs.wolczyn.pl\/lo\/wp-json\/wp\/v2\/tags?post=9057"}],"curies":[{"name":"wp","href":"https:\/\/api.w.org\/{rel}","templated":true}]}}