{"id":9073,"date":"2025-10-24T11:13:57","date_gmt":"2025-10-24T09:13:57","guid":{"rendered":"http:\/\/zs.wolczyn.pl\/lo\/?p=9073"},"modified":"2025-10-24T11:13:57","modified_gmt":"2025-10-24T09:13:57","slug":"wycieczka-klasy-i-lo-do-szklarskiej-poreby","status":"publish","type":"post","link":"http:\/\/zs.wolczyn.pl\/lo\/wycieczka-klasy-i-lo-do-szklarskiej-poreby\/","title":{"rendered":"Wycieczka klasy I LO do Szklarskiej Por\u0119by"},"content":{"rendered":"<p>Trzydniowa wycieczka klasy pierwszej liceum do Szklarskiej Por\u0119by by\u0142a pe\u0142na wra\u017ce\u0144 i integracji. Uczniowie mieli okazj\u0119 zwiedzi\u0107 to pi\u0119knie po\u0142o\u017cone miasteczko, w\u0119drowa\u0107 po g\u00f3rskich szlakach z przewodnikiem, dzi\u0119ki czemu poznali wiele ciekawostek o tutejszych legendach i przyrodzie, odwiedzi\u0107 Muzeum Mineralogiczne oraz uczestniczy\u0107 w zaj\u0119ciach integracyjnych. Ca\u0142a wycieczka by\u0142a \u015bwietn\u0105 okazj\u0105 do aktywnego odpoczynku i zacie\u015bnienia wi\u0119zi klasowych.<\/p>\nngg_shortcode_0_placeholder\n","protected":false},"excerpt":{"rendered":"<p>Trzydniowa wycieczka klasy pierwszej liceum do Szklarskiej Por\u0119by by\u0142a pe\u0142na wra\u017ce\u0144 i integracji. Uczniowie mieli okazj\u0119 zwiedzi\u0107 to pi\u0119knie po\u0142o\u017cone <a href=\"http:\/\/zs.wolczyn.pl\/lo\/wycieczka-klasy-i-lo-do-szklarskiej-poreby\/\" class=\"read-more\">Czytaj dalej &#8230;<\/a><\/p>\n","protected":false},"author":1,"featured_media":9074,"comment_status":"closed","ping_status":"closed","sticky":false,"template":"","format":"standard","meta":{"ngg_post_thumbnail":0,"footnotes":""},"categories":[17],"tags":[],"class_list":["post-9073","post","type-post","status-publish","format-standard","has-post-thumbnail","hentry","category-z-zycia-szkoly"],"_links":{"self":[{"href":"http:\/\/zs.wolczyn.pl\/lo\/wp-json\/wp\/v2\/posts\/9073"}],"collection":[{"href":"http:\/\/zs.wolczyn.pl\/lo\/wp-json\/wp\/v2\/posts"}],"about":[{"href":"http:\/\/zs.wolczyn.pl\/lo\/wp-json\/wp\/v2\/types\/post"}],"author":[{"embeddable":true,"href":"http:\/\/zs.wolczyn.pl\/lo\/wp-json\/wp\/v2\/users\/1"}],"replies":[{"embeddable":true,"href":"http:\/\/zs.wolczyn.pl\/lo\/wp-json\/wp\/v2\/comments?post=9073"}],"version-history":[{"count":1,"href":"http:\/\/zs.wolczyn.pl\/lo\/wp-json\/wp\/v2\/posts\/9073\/revisions"}],"predecessor-version":[{"id":9091,"href":"http:\/\/zs.wolczyn.pl\/lo\/wp-json\/wp\/v2\/posts\/9073\/revisions\/9091"}],"wp:featuredmedia":[{"embeddable":true,"href":"http:\/\/zs.wolczyn.pl\/lo\/wp-json\/wp\/v2\/media\/9074"}],"wp:attachment":[{"href":"http:\/\/zs.wolczyn.pl\/lo\/wp-json\/wp\/v2\/media?parent=9073"}],"wp:term":[{"taxonomy":"category","embeddable":true,"href":"http:\/\/zs.wolczyn.pl\/lo\/wp-json\/wp\/v2\/categories?post=9073"},{"taxonomy":"post_tag","embeddable":true,"href":"http:\/\/zs.wolczyn.pl\/lo\/wp-json\/wp\/v2\/tags?post=9073"}],"curies":[{"name":"wp","href":"https:\/\/api.w.org\/{rel}","templated":true}]}}