{"id":9092,"date":"2025-10-28T08:42:14","date_gmt":"2025-10-28T07:42:14","guid":{"rendered":"http:\/\/zs.wolczyn.pl\/lo\/?p=9092"},"modified":"2025-10-28T08:42:14","modified_gmt":"2025-10-28T07:42:14","slug":"uroczyste-odsloniecie-zegara-slonecznego-i-tablicy-pamiatkowej-poswieconej-alexisowi-langerowi","status":"publish","type":"post","link":"http:\/\/zs.wolczyn.pl\/lo\/uroczyste-odsloniecie-zegara-slonecznego-i-tablicy-pamiatkowej-poswieconej-alexisowi-langerowi\/","title":{"rendered":"Uroczyste ods\u0142oni\u0119cie zegara s\u0142onecznego i tablicy pami\u0105tkowej po\u015bwi\u0119conej Alexisowi Langerowi"},"content":{"rendered":"<p>17 pa\u017adziernika 2025 roku w Wo\u0142czynie odby\u0142a si\u0119 wyj\u0105tkowa uroczysto\u015b\u0107 upami\u0119tniaj\u0105ca znakomitego architekta Alexisa Langera, tw\u00f3rc\u0119 projektu Ko\u015bcio\u0142a pw. Niepokalanego Pocz\u0119cia Naj\u015bwi\u0119tszej Maryi Panny w naszym mie\u015bcie. G\u0142\u00f3wnym organizatorem wydarzenia by\u0142o Stowarzyszenie Narratum, promuj\u0105ce dziedzictwo historyczne Wo\u0142czyna i regionu.<br \/>\nW obecno\u015bci w\u0142adz samorz\u0105dowych, zaproszonych go\u015bci, duchowie\u0144stwa, mieszka\u0144c\u00f3w oraz m\u0142odzie\u017cy Liceum Og\u00f3lnokszta\u0142c\u0105cego im. Szarych Szereg\u00f3w w Wo\u0142czynie, ods\u0142oni\u0119to zegar s\u0142oneczny i tablic\u0119 pami\u0105tkow\u0105, kt\u00f3re b\u0119d\u0105 trwa\u0142ym symbolem pami\u0119ci o arty\u015bcie neogotyku.<br \/>\nPo cz\u0119\u015bci oficjalnej w auli naszego liceum odby\u0142 si\u0119 blok edukacyjny \u201eSpotkania z histori\u0105\u201d, podczas kt\u00f3rego prelekcje wyg\u0142osili:<br \/>\n\u2022 Prof. dr hab. Agnieszka Zab\u0142ocka-Kos \u2013 Alexis Langer \u015bl\u0105ski neogotykysta<br \/>\n\u2022 Dr Tomasz Murzy\u0144ski \u2013 Gdy Szymonk\u00f3w sta\u0142 szk\u0142em<br \/>\n\u2022 Dr Ksawery Jasiak \u2013 Polskie formacje graniczne II RP na zachodnim odcinku granicy polsko-niemieckiej<br \/>\n\u2022 Mgr Les\u0142aw Czernik \u2013 Wyrywki z historii Wo\u0142czyna<br \/>\nUdzia\u0142 naszej m\u0142odzie\u017cy w tym wydarzeniu sta\u0142 si\u0119 warto\u015bciow\u0105 lekcj\u0105 historii, pog\u0142\u0119biaj\u0105c\u0105 wiedz\u0119 o lokalnym dziedzictwie i wzmacniaj\u0105c\u0105 wi\u0119\u017a z miejscem, z kt\u00f3rego pochodzimy. Jeste\u015bmy dumni, \u017ce spo\u0142eczno\u015b\u0107 szkolna mog\u0142a aktywnie uczestniczy\u0107 w tak wa\u017cnym przedsi\u0119wzi\u0119ciu.<br \/>\nSerdecznie dzi\u0119kujemy Stowarzyszeniu Narratum oraz wszystkim wsp\u00f3\u0142organizatorom i prelegentom za zaanga\u017cowanie oraz mo\u017cliwo\u015b\u0107 udzia\u0142u w tym historycznym wydarzeniu.<\/p>\nngg_shortcode_0_placeholder\n","protected":false},"excerpt":{"rendered":"<p>17 pa\u017adziernika 2025 roku w Wo\u0142czynie odby\u0142a si\u0119 wyj\u0105tkowa uroczysto\u015b\u0107 upami\u0119tniaj\u0105ca znakomitego architekta Alexisa Langera, tw\u00f3rc\u0119 projektu Ko\u015bcio\u0142a pw. Niepokalanego <a href=\"http:\/\/zs.wolczyn.pl\/lo\/uroczyste-odsloniecie-zegara-slonecznego-i-tablicy-pamiatkowej-poswieconej-alexisowi-langerowi\/\" class=\"read-more\">Czytaj dalej &#8230;<\/a><\/p>\n","protected":false},"author":1,"featured_media":9093,"comment_status":"closed","ping_status":"closed","sticky":false,"template":"","format":"standard","meta":{"ngg_post_thumbnail":0,"footnotes":""},"categories":[54,17],"tags":[],"class_list":["post-9092","post","type-post","status-publish","format-standard","has-post-thumbnail","hentry","category-wspolpraca","category-z-zycia-szkoly"],"_links":{"self":[{"href":"http:\/\/zs.wolczyn.pl\/lo\/wp-json\/wp\/v2\/posts\/9092"}],"collection":[{"href":"http:\/\/zs.wolczyn.pl\/lo\/wp-json\/wp\/v2\/posts"}],"about":[{"href":"http:\/\/zs.wolczyn.pl\/lo\/wp-json\/wp\/v2\/types\/post"}],"author":[{"embeddable":true,"href":"http:\/\/zs.wolczyn.pl\/lo\/wp-json\/wp\/v2\/users\/1"}],"replies":[{"embeddable":true,"href":"http:\/\/zs.wolczyn.pl\/lo\/wp-json\/wp\/v2\/comments?post=9092"}],"version-history":[{"count":1,"href":"http:\/\/zs.wolczyn.pl\/lo\/wp-json\/wp\/v2\/posts\/9092\/revisions"}],"predecessor-version":[{"id":9124,"href":"http:\/\/zs.wolczyn.pl\/lo\/wp-json\/wp\/v2\/posts\/9092\/revisions\/9124"}],"wp:featuredmedia":[{"embeddable":true,"href":"http:\/\/zs.wolczyn.pl\/lo\/wp-json\/wp\/v2\/media\/9093"}],"wp:attachment":[{"href":"http:\/\/zs.wolczyn.pl\/lo\/wp-json\/wp\/v2\/media?parent=9092"}],"wp:term":[{"taxonomy":"category","embeddable":true,"href":"http:\/\/zs.wolczyn.pl\/lo\/wp-json\/wp\/v2\/categories?post=9092"},{"taxonomy":"post_tag","embeddable":true,"href":"http:\/\/zs.wolczyn.pl\/lo\/wp-json\/wp\/v2\/tags?post=9092"}],"curies":[{"name":"wp","href":"https:\/\/api.w.org\/{rel}","templated":true}]}}