{"id":9184,"date":"2025-11-20T08:17:16","date_gmt":"2025-11-20T07:17:16","guid":{"rendered":"http:\/\/zs.wolczyn.pl\/lo\/?p=9184"},"modified":"2025-11-20T08:21:10","modified_gmt":"2025-11-20T07:21:10","slug":"miedzynarodowy-dzien-przeciwdzialania-przemocy-wobec-dzieci","status":"publish","type":"post","link":"http:\/\/zs.wolczyn.pl\/lo\/miedzynarodowy-dzien-przeciwdzialania-przemocy-wobec-dzieci\/","title":{"rendered":"Mi\u0119dzynarodowy Dzie\u0144 Przeciwdzia\u0142ania Przemocy wobec Dzieci"},"content":{"rendered":"<p>W tym roku r\u00f3wnie\u017c nasz Zesp\u00f3\u0142 Szk\u00f3\u0142 bra\u0142 udzia\u0142 w dzia\u0142aniach w ramach Og\u00f3lnopolskiej Kampanii Dzieci\u0144stwo bez Przemocy, kt\u00f3ra trwa\u0142a od 6 pa\u017adziernika do 19 listopada 2025 r. Rozmawiali\u015bmy o tym co boli i szkodzi, czego nie robi\u0107, by nie krzywdzi\u0107 innych. Uczestniczyli\u015bmy w lekcjach online prowadzonych przez ekspert\u00f3w.<br \/>\n19.11.2025 r. w Mi\u0119dzynarodowy Dzie\u0144 Przeciwdzia\u0142ania Przemocy wobec Dzieci, nasza szko\u0142a w godzinach wieczornych za\u015bwieci\u0142a na czerwono. A w trakcie dnia dzieci, m\u0142odzie\u017c, a tak\u017ce nauczyciele byli ubrani na czerwono, jako symbol determinacji i odwagi w walce z przemoc\u0105, w tym wobec dzieci.<br \/>\nOdby\u0142y si\u0119 spotkania uczni\u00f3w z podkomisarzem T. Tobiaszem funkcjonariuszem Komendy Wojew\u00f3dzkiej Policji z Opola z zakresu cyberprzest\u0119pczo\u015bci, zagro\u017ce\u0144 w sieci oraz bezpiecznego korzystania z urz\u0105dze\u0144 mobilnych i medi\u00f3w spo\u0142eczno\u015bciowych.<br \/>\nZosta\u0142y tak\u017ce podsumowane dwa konkursy plastyczne, w kt\u00f3rych zwyci\u0119zcami byli:<br \/>\n\u201eJestem bohaterem &#8211; widz\u0119 i reaguj\u0119 na przemoc\u201d dla klas I-VI<br \/>\nI miejsce &#8211; Gabriela P\u0119drak 6b<br \/>\nII miejsce &#8211; Ma\u0142gorzata Smotrycka 2a<br \/>\nIII miejsce &#8211; David Nowak 3b<br \/>\nwyr\u00f3\u017cnieni:<br \/>\nMichalina Folty\u0144ska 2c<br \/>\nSebastian Zagaja 4a<br \/>\nMarta Konrad 4a<br \/>\n\u201eBezpieczne dzieci\u0144stwo\u201d dla klas VII-VIII, LO<br \/>\nI miejsce \u2013 Anna Kaspr\u00f3w 7a<br \/>\nII miejsce \u2013 Oliwia Suliga 1LO<br \/>\nIII miejsce \u2013 Olimpia Adamkiewicz 7c<\/p>\nngg_shortcode_0_placeholder\n","protected":false},"excerpt":{"rendered":"<p>W tym roku r\u00f3wnie\u017c nasz Zesp\u00f3\u0142 Szk\u00f3\u0142 bra\u0142 udzia\u0142 w dzia\u0142aniach w ramach Og\u00f3lnopolskiej Kampanii Dzieci\u0144stwo bez Przemocy, kt\u00f3ra trwa\u0142a <a href=\"http:\/\/zs.wolczyn.pl\/lo\/miedzynarodowy-dzien-przeciwdzialania-przemocy-wobec-dzieci\/\" class=\"read-more\">Czytaj dalej &#8230;<\/a><\/p>\n","protected":false},"author":1,"featured_media":9200,"comment_status":"closed","ping_status":"closed","sticky":false,"template":"","format":"standard","meta":{"ngg_post_thumbnail":0,"footnotes":""},"categories":[72,17],"tags":[],"class_list":["post-9184","post","type-post","status-publish","format-standard","has-post-thumbnail","hentry","category-kampania-dziecinstwo-bez-przemocy","category-z-zycia-szkoly"],"_links":{"self":[{"href":"http:\/\/zs.wolczyn.pl\/lo\/wp-json\/wp\/v2\/posts\/9184"}],"collection":[{"href":"http:\/\/zs.wolczyn.pl\/lo\/wp-json\/wp\/v2\/posts"}],"about":[{"href":"http:\/\/zs.wolczyn.pl\/lo\/wp-json\/wp\/v2\/types\/post"}],"author":[{"embeddable":true,"href":"http:\/\/zs.wolczyn.pl\/lo\/wp-json\/wp\/v2\/users\/1"}],"replies":[{"embeddable":true,"href":"http:\/\/zs.wolczyn.pl\/lo\/wp-json\/wp\/v2\/comments?post=9184"}],"version-history":[{"count":1,"href":"http:\/\/zs.wolczyn.pl\/lo\/wp-json\/wp\/v2\/posts\/9184\/revisions"}],"predecessor-version":[{"id":9201,"href":"http:\/\/zs.wolczyn.pl\/lo\/wp-json\/wp\/v2\/posts\/9184\/revisions\/9201"}],"wp:featuredmedia":[{"embeddable":true,"href":"http:\/\/zs.wolczyn.pl\/lo\/wp-json\/wp\/v2\/media\/9200"}],"wp:attachment":[{"href":"http:\/\/zs.wolczyn.pl\/lo\/wp-json\/wp\/v2\/media?parent=9184"}],"wp:term":[{"taxonomy":"category","embeddable":true,"href":"http:\/\/zs.wolczyn.pl\/lo\/wp-json\/wp\/v2\/categories?post=9184"},{"taxonomy":"post_tag","embeddable":true,"href":"http:\/\/zs.wolczyn.pl\/lo\/wp-json\/wp\/v2\/tags?post=9184"}],"curies":[{"name":"wp","href":"https:\/\/api.w.org\/{rel}","templated":true}]}}