{"id":9222,"date":"2025-11-28T12:20:02","date_gmt":"2025-11-28T11:20:02","guid":{"rendered":"http:\/\/zs.wolczyn.pl\/lo\/?p=9222"},"modified":"2025-12-04T10:06:30","modified_gmt":"2025-12-04T09:06:30","slug":"v-festiwalu-kol-naukowych-organizowany-przez-politechnike-opolska","status":"publish","type":"post","link":"http:\/\/zs.wolczyn.pl\/lo\/v-festiwalu-kol-naukowych-organizowany-przez-politechnike-opolska\/","title":{"rendered":"V Festiwalu K\u00f3\u0142 Naukowych organizowany przez Politechnik\u0119 Opolsk\u0105"},"content":{"rendered":"<p>25 listopada 2025 uczniowie LO i \u00f3smej klasy SP wzi\u0119li udzia\u0142 w V Festiwalu K\u00f3\u0142 Naukowych organizowanym przez <a href=\"https:\/\/www.facebook.com\/PolitechnikaOpolska\" target=\"_blank\" rel=\"noopener\">Politechnika Opolska<\/a>. Podczas wydarzenia prawie 30 k\u00f3\u0142 studenckich zaprezentowa\u0142o swoje projekty i dzia\u0142alno\u015b\u0107 naukow\u0105.<br \/>\nMogli\u015bmy bezpo\u015brednio porozmawia\u0107 ze studentkami i studentami z r\u00f3\u017cnych wydzia\u0142\u00f3w, kt\u00f3re z pasj\u0105 rozwijaj\u0105 swoje zainteresowania. By\u0142a to doskona\u0142a okazja aby zobaczy\u0107 jak wygl\u0105da prawdziwa praca w ko\u0142ach naukowych &#8211; inspiruj\u0105cy spos\u00f3b na odkrycie swoich pasji i zainteresowa\u0144.<\/p>\nngg_shortcode_0_placeholder\n","protected":false},"excerpt":{"rendered":"<p>25 listopada 2025 uczniowie LO i \u00f3smej klasy SP wzi\u0119li udzia\u0142 w V Festiwalu K\u00f3\u0142 Naukowych organizowanym przez Politechnika Opolska. <a href=\"http:\/\/zs.wolczyn.pl\/lo\/v-festiwalu-kol-naukowych-organizowany-przez-politechnike-opolska\/\" class=\"read-more\">Czytaj dalej &#8230;<\/a><\/p>\n","protected":false},"author":1,"featured_media":9276,"comment_status":"closed","ping_status":"closed","sticky":false,"template":"","format":"standard","meta":{"ngg_post_thumbnail":0,"footnotes":""},"categories":[17],"tags":[],"class_list":["post-9222","post","type-post","status-publish","format-standard","has-post-thumbnail","hentry","category-z-zycia-szkoly"],"_links":{"self":[{"href":"http:\/\/zs.wolczyn.pl\/lo\/wp-json\/wp\/v2\/posts\/9222"}],"collection":[{"href":"http:\/\/zs.wolczyn.pl\/lo\/wp-json\/wp\/v2\/posts"}],"about":[{"href":"http:\/\/zs.wolczyn.pl\/lo\/wp-json\/wp\/v2\/types\/post"}],"author":[{"embeddable":true,"href":"http:\/\/zs.wolczyn.pl\/lo\/wp-json\/wp\/v2\/users\/1"}],"replies":[{"embeddable":true,"href":"http:\/\/zs.wolczyn.pl\/lo\/wp-json\/wp\/v2\/comments?post=9222"}],"version-history":[{"count":1,"href":"http:\/\/zs.wolczyn.pl\/lo\/wp-json\/wp\/v2\/posts\/9222\/revisions"}],"predecessor-version":[{"id":9277,"href":"http:\/\/zs.wolczyn.pl\/lo\/wp-json\/wp\/v2\/posts\/9222\/revisions\/9277"}],"wp:featuredmedia":[{"embeddable":true,"href":"http:\/\/zs.wolczyn.pl\/lo\/wp-json\/wp\/v2\/media\/9276"}],"wp:attachment":[{"href":"http:\/\/zs.wolczyn.pl\/lo\/wp-json\/wp\/v2\/media?parent=9222"}],"wp:term":[{"taxonomy":"category","embeddable":true,"href":"http:\/\/zs.wolczyn.pl\/lo\/wp-json\/wp\/v2\/categories?post=9222"},{"taxonomy":"post_tag","embeddable":true,"href":"http:\/\/zs.wolczyn.pl\/lo\/wp-json\/wp\/v2\/tags?post=9222"}],"curies":[{"name":"wp","href":"https:\/\/api.w.org\/{rel}","templated":true}]}}