{"id":9281,"date":"2025-12-05T14:04:15","date_gmt":"2025-12-05T13:04:15","guid":{"rendered":"http:\/\/zs.wolczyn.pl\/lo\/?p=9281"},"modified":"2025-12-08T14:08:23","modified_gmt":"2025-12-08T13:08:23","slug":"loading-twoja-przyszlosc-sie-laduje-tydzien-projektowy-w-zespole-szkol-w-wolczynie","status":"publish","type":"post","link":"http:\/\/zs.wolczyn.pl\/lo\/loading-twoja-przyszlosc-sie-laduje-tydzien-projektowy-w-zespole-szkol-w-wolczynie\/","title":{"rendered":"\u201eLOading \u2013 Twoja przysz\u0142o\u015b\u0107 si\u0119 \u0142aduje\u201d \u2013 Tydzie\u0144 projektowy w Zespole Szk\u00f3\u0142 w Wo\u0142czynie"},"content":{"rendered":"<p>W dniach 24-28 listopada w naszej szkole odby\u0142 si\u0119 wyj\u0105tkowy Tydzie\u0144 Projektowy pod has\u0142em \u201eLOading \u2013 Twoja przysz\u0142o\u015b\u0107 si\u0119 \u0142aduje\u201d. Wydarzenie by\u0142o cz\u0119\u015bci\u0105 dzia\u0142a\u0144 zwi\u0105zanych z reform\u0105 edukacji w ramach ministerialnego przedsi\u0119wzi\u0119cia \u201eMoc relacji w edukacji \u2013 \u0142\u0105czymy, aby zmienia\u0107\u201d., w kt\u00f3ry aktywnie anga\u017cuje si\u0119 Pani Dyrektor \u2013 ambasadorka reformy wraz z zespo\u0142em nauczycieli koordynuj\u0105cych dzia\u0142ania projektowe i nauczycielami liceum.<br \/>\nZrealizowali\u015bmy dwa dzia\u0142ania. Przez cztery dni uczniowie pracowali metod\u0105 projektu, przygotowuj\u0105c \u201eDzie\u0144 Otwarty jako efekt pracy projektowej licealist\u00f3w, skierowany dla kandydat\u00f3w do naszego liceum \u2013 wydarzenie, kt\u00f3re ju\u017c wkr\u00f3tce zaprezentujemy przysz\u0142ym uczniom. Praca metod\u0105 projektu rozwija kompetencje przysz\u0142o\u015bci: umiej\u0119tno\u015b\u0107 wsp\u00f3\u0142pracy, kreatywno\u015b\u0107 i samodzielno\u015b\u0107.<br \/>\nR\u00f3wnolegle uczniowie III klasy liceum w ramach zaj\u0119\u0107 j\u0119zyka polskiego podj\u0119li dzia\u0142anie projektowo \u2013 badawcze \u201cKto jest lepszym czytelnikiem \u2013 sztuczna inteligencja czy cz\u0142owiek?\u201d.<br \/>\nW pi\u0105tek odby\u0142o si\u0119 uroczyste podsumowanie minipilota\u017cu, podczas kt\u00f3rego m\u0142odzie\u017c zaprezentowa\u0142a efekty swojej pracy w postaci nowatorskiej, innowacyjnej oraz multimedialnej oferty edukacyjnej naszego liceum.<br \/>\nPodczas pi\u0105tkowego fina\u0142u go\u015bcili\u015bmy tak\u017ce koordynatorki reformy &#8211; panie wizytator, kt\u00f3re z uznaniem przygl\u0105da\u0142y si\u0119 efektom tygodniowej pracy naszych licealist\u00f3w.<br \/>\nTydzie\u0144 Projektowy po raz kolejny pokaza\u0142, \u017ce nowoczesna edukacja mo\u017ce by\u0107 inspiruj\u0105ca, anga\u017cuj\u0105ca i pe\u0142na tw\u00f3rczej energii. Jeste\u015bmy dumni z naszych uczni\u00f3w, ich pasji oraz odwagi w podejmowaniu nowych wyzwa\u0144.<\/p>\nngg_shortcode_0_placeholder\n","protected":false},"excerpt":{"rendered":"<p>W dniach 24-28 listopada w naszej szkole odby\u0142 si\u0119 wyj\u0105tkowy Tydzie\u0144 Projektowy pod has\u0142em \u201eLOading \u2013 Twoja przysz\u0142o\u015b\u0107 si\u0119 \u0142aduje\u201d. <a href=\"http:\/\/zs.wolczyn.pl\/lo\/loading-twoja-przyszlosc-sie-laduje-tydzien-projektowy-w-zespole-szkol-w-wolczynie\/\" class=\"read-more\">Czytaj dalej &#8230;<\/a><\/p>\n","protected":false},"author":1,"featured_media":9305,"comment_status":"closed","ping_status":"closed","sticky":false,"template":"","format":"standard","meta":{"ngg_post_thumbnail":0,"footnotes":""},"categories":[17],"tags":[],"class_list":["post-9281","post","type-post","status-publish","format-standard","has-post-thumbnail","hentry","category-z-zycia-szkoly"],"_links":{"self":[{"href":"http:\/\/zs.wolczyn.pl\/lo\/wp-json\/wp\/v2\/posts\/9281"}],"collection":[{"href":"http:\/\/zs.wolczyn.pl\/lo\/wp-json\/wp\/v2\/posts"}],"about":[{"href":"http:\/\/zs.wolczyn.pl\/lo\/wp-json\/wp\/v2\/types\/post"}],"author":[{"embeddable":true,"href":"http:\/\/zs.wolczyn.pl\/lo\/wp-json\/wp\/v2\/users\/1"}],"replies":[{"embeddable":true,"href":"http:\/\/zs.wolczyn.pl\/lo\/wp-json\/wp\/v2\/comments?post=9281"}],"version-history":[{"count":2,"href":"http:\/\/zs.wolczyn.pl\/lo\/wp-json\/wp\/v2\/posts\/9281\/revisions"}],"predecessor-version":[{"id":9307,"href":"http:\/\/zs.wolczyn.pl\/lo\/wp-json\/wp\/v2\/posts\/9281\/revisions\/9307"}],"wp:featuredmedia":[{"embeddable":true,"href":"http:\/\/zs.wolczyn.pl\/lo\/wp-json\/wp\/v2\/media\/9305"}],"wp:attachment":[{"href":"http:\/\/zs.wolczyn.pl\/lo\/wp-json\/wp\/v2\/media?parent=9281"}],"wp:term":[{"taxonomy":"category","embeddable":true,"href":"http:\/\/zs.wolczyn.pl\/lo\/wp-json\/wp\/v2\/categories?post=9281"},{"taxonomy":"post_tag","embeddable":true,"href":"http:\/\/zs.wolczyn.pl\/lo\/wp-json\/wp\/v2\/tags?post=9281"}],"curies":[{"name":"wp","href":"https:\/\/api.w.org\/{rel}","templated":true}]}}