{"id":9308,"date":"2025-12-15T08:23:59","date_gmt":"2025-12-15T07:23:59","guid":{"rendered":"http:\/\/zs.wolczyn.pl\/lo\/?p=9308"},"modified":"2025-12-15T08:23:59","modified_gmt":"2025-12-15T07:23:59","slug":"dzien-otwarty-wydzialu-chemii-uj","status":"publish","type":"post","link":"http:\/\/zs.wolczyn.pl\/lo\/dzien-otwarty-wydzialu-chemii-uj\/","title":{"rendered":"Dzie\u0144 Otwarty Wydzia\u0142u Chemii UJ"},"content":{"rendered":"<p>Uczniowie klas IV AB i IIIA LO mieli okazj\u0119 wzi\u0105\u0107 udzia\u0142 w wyje\u017adzie na Dzie\u0144 Otwarty Wydzia\u0142u Chemii Uniwersytetu Jagiello\u0144skiego. Podczas wizyty uczestniczyli w interesuj\u0105cych wyk\u0142adach, zaj\u0119ciach laboratoryjnych oraz poznali ofert\u0119 edukacyjn\u0105 wydzia\u0142u.<br \/>\nNie zabrak\u0142o r\u00f3wnie\u017c \u015bwi\u0105tecznej atmosfery \u2013 odwiedzili\u015bmy jarmark bo\u017conarodzeniowy, kt\u00f3ry by\u0142 mi\u0142ym uzupe\u0142nieniem naukowych wra\u017ce\u0144. Wyjazd by\u0142 cennym do\u015bwiadczeniem i inspiracj\u0105 do dalszego rozwijania zainteresowa\u0144 naukami \u015bcis\u0142ymi.<\/p>\nngg_shortcode_0_placeholder\n","protected":false},"excerpt":{"rendered":"<p>Uczniowie klas IV AB i IIIA LO mieli okazj\u0119 wzi\u0105\u0107 udzia\u0142 w wyje\u017adzie na Dzie\u0144 Otwarty Wydzia\u0142u Chemii Uniwersytetu Jagiello\u0144skiego. <a href=\"http:\/\/zs.wolczyn.pl\/lo\/dzien-otwarty-wydzialu-chemii-uj\/\" class=\"read-more\">Czytaj dalej &#8230;<\/a><\/p>\n","protected":false},"author":1,"featured_media":9341,"comment_status":"closed","ping_status":"closed","sticky":false,"template":"","format":"standard","meta":{"ngg_post_thumbnail":0,"footnotes":""},"categories":[17],"tags":[],"class_list":["post-9308","post","type-post","status-publish","format-standard","has-post-thumbnail","hentry","category-z-zycia-szkoly"],"_links":{"self":[{"href":"http:\/\/zs.wolczyn.pl\/lo\/wp-json\/wp\/v2\/posts\/9308"}],"collection":[{"href":"http:\/\/zs.wolczyn.pl\/lo\/wp-json\/wp\/v2\/posts"}],"about":[{"href":"http:\/\/zs.wolczyn.pl\/lo\/wp-json\/wp\/v2\/types\/post"}],"author":[{"embeddable":true,"href":"http:\/\/zs.wolczyn.pl\/lo\/wp-json\/wp\/v2\/users\/1"}],"replies":[{"embeddable":true,"href":"http:\/\/zs.wolczyn.pl\/lo\/wp-json\/wp\/v2\/comments?post=9308"}],"version-history":[{"count":1,"href":"http:\/\/zs.wolczyn.pl\/lo\/wp-json\/wp\/v2\/posts\/9308\/revisions"}],"predecessor-version":[{"id":9342,"href":"http:\/\/zs.wolczyn.pl\/lo\/wp-json\/wp\/v2\/posts\/9308\/revisions\/9342"}],"wp:featuredmedia":[{"embeddable":true,"href":"http:\/\/zs.wolczyn.pl\/lo\/wp-json\/wp\/v2\/media\/9341"}],"wp:attachment":[{"href":"http:\/\/zs.wolczyn.pl\/lo\/wp-json\/wp\/v2\/media?parent=9308"}],"wp:term":[{"taxonomy":"category","embeddable":true,"href":"http:\/\/zs.wolczyn.pl\/lo\/wp-json\/wp\/v2\/categories?post=9308"},{"taxonomy":"post_tag","embeddable":true,"href":"http:\/\/zs.wolczyn.pl\/lo\/wp-json\/wp\/v2\/tags?post=9308"}],"curies":[{"name":"wp","href":"https:\/\/api.w.org\/{rel}","templated":true}]}}