{"id":9343,"date":"2025-12-23T13:12:49","date_gmt":"2025-12-23T12:12:49","guid":{"rendered":"http:\/\/zs.wolczyn.pl\/lo\/?p=9343"},"modified":"2025-12-23T13:12:55","modified_gmt":"2025-12-23T12:12:55","slug":"xxxi-kulturalia-za-nami","status":"publish","type":"post","link":"http:\/\/zs.wolczyn.pl\/lo\/xxxi-kulturalia-za-nami\/","title":{"rendered":"XXXI Kulturalia za nami&#8230;"},"content":{"rendered":"<p>Z ca\u0142ego serca pragniemy podzi\u0119kowa\u0107 wszystkim, kt\u00f3rzy wsp\u00f3\u0142tworzyli Kulturalia \u201eNowy Jork w Wo\u0142czynie\u201d \u2013 wydarzenie, kt\u00f3re na d\u0142ugo pozostanie w naszej pami\u0119ci jako spotkanie ludzi, emocji i pi\u0119knej kultury.<\/p>\n<p>Szczeg\u00f3lne s\u0142owa wdzi\u0119czno\u015bci kierujemy do Go\u015bcia Specjalnego \u2013 Pani Sylwii Nasiadko, laureatki statuetki Gloria Magna. Dzi\u0119kujemy za obecno\u015b\u0107, inspiruj\u0105c\u0105 histori\u0119, autentyczno\u015b\u0107 i klas\u0119, kt\u00f3rymi podzieli\u0142a si\u0119 Pani z publiczno\u015bci\u0105. By\u0142o to spotkanie poruszaj\u0105ce, pozostawiaj\u0105ce przestrze\u0144 do refleksji i dumy.<\/p>\n<p>Niespodziank\u0105 wydarzenia by\u0142 Dawid Tyszkowski, kt\u00f3ry przekaza\u0142 online Pani Sylwii Nasiadko gratulacje oraz pozdrowienia dla ca\u0142ej publiczno\u015bci z zapowiedzi\u0105 wydania nowej p\u0142yty i wsp\u00f3lnego spotkania na kolejnych Kulturaliach w Wo\u0142czynie.<\/p>\n<p>Dzi\u0119kujemy Panu Miros\u0142awowi Dragonowi za stworzenie wyj\u0105tkowej atmosfery podczas wywiadu z Pani\u0105 Sylwi\u0105 \u2013 za uwa\u017cno\u015b\u0107, kultur\u0119 s\u0142owa i wra\u017cliwo\u015b\u0107 prowadzenia rozmowy.<br>Wyrazy uznania kierujemy r\u00f3wnie\u017c do Pana Marcina Koryluka za serdeczne i profesjonalne prowadzenie ca\u0142ego wydarzenia, kt\u00f3re nada\u0142o mu p\u0142ynno\u015b\u0107 i lekko\u015b\u0107.<br>Szczeg\u00f3lne podzi\u0119kowania dla Weroniki Wengel za wspania\u0142y wokal \u2013 za emocje, kt\u00f3re wybrzmia\u0142y nie tylko w d\u017awi\u0119kach, ale i w sercach s\u0142uchaczy.<\/p>\n<p>Z wdzi\u0119czno\u015bci\u0105 dzi\u0119kujemy Pani Bogumile Jungowskiej za scenariusz oraz kompleksowe przygotowanie wydarzenia \u2013 za wizj\u0119, sp\u00f3jno\u015b\u0107 i artystyczn\u0105 dba\u0142o\u015b\u0107 o ka\u017cdy detal.<br>Pani Anecie Antkowiak dzi\u0119kujemy za nieocenione wsparcie organizacyjne, cierpliwo\u015b\u0107 i gotowo\u015b\u0107 do pomocy na ka\u017cdym etapie.<br>Wyrazy uznania kierujemy do Pana Andrzeja \u015apiewaka za ogrom pracy w\u0142o\u017conej w przygotowanie materia\u0142u multimedialnego oraz wystawy fotograficznej, kt\u00f3re wzbogaci\u0142y wydarzenie o wymiar wizualny i dokumentalny.<br>Dzi\u0119kujemy wszystkim Pracownikom szko\u0142y za pomoc i zaanga\u017cowanie w przygotowanie Kulturali\u00f3w \u2013 za wsp\u00f3\u0142prac\u0119, \u017cyczliwo\u015b\u0107 i wsp\u00f3lne dzia\u0142anie.<br>Ogromne podzi\u0119kowania nale\u017c\u0105 si\u0119 Uczniom \u2013 za w\u0142o\u017con\u0105 prac\u0119 w prezentacj\u0119, organizacj\u0119 i opraw\u0119 wydarzenia. Wasze zaanga\u017cowanie by\u0142o widoczne i buduj\u0105ce.<\/p>\n<p>I wreszcie \u2013 Wam, Kochana Publiczno\u015bci. Za obecno\u015b\u0107, uwa\u017cno\u015b\u0107, ciep\u0142o i wsp\u00f3lne prze\u017cywanie tych chwil. Bo c\u00f3\u017c by\u0142oby to wydarzenie bez Was? To w\u0142a\u015bnie Wy nadali\u015bcie mu sens i prawdziwe \u017cycie.<\/p>\n<p>Kulturalia \u201eNowy Jork w Wo\u0142czynie\u201d s\u0105 przedsi\u0119wzi\u0119ciem wyj\u0105tkowo bliskim mojemu sercu. To wydarzenie, kt\u00f3re powsta\u0142o dzi\u0119ki wsp\u00f3lnemu zaanga\u017cowaniu wielu os\u00f3b, pasji, otwarto\u015bci i wiary w sens spotka\u0144 z kultur\u0105. Dzisiejszy wiecz\u00f3r pokaza\u0142, jak wielk\u0105 warto\u015b\u0107 ma wsp\u00f3\u0142dzia\u0142anie, wra\u017cliwo\u015b\u0107 i gotowo\u015b\u0107 do dzielenia si\u0119 talentem.<\/p>\n<p>Z dum\u0105 podkre\u015blam, \u017ce statuetka Gloria Magna po raz pierwszy w\u0119druje do laureatki \u2013 Pani Sylwii Nasiadko jako wyraz docenienia pasji, konsekwentnej pracy w realizacji marze\u0144 oraz inspirowania i motywowania uczni\u00f3w do odwa\u017cnego pod\u0105\u017cania wybran\u0105 drog\u0105. Jest ona symbolem wiary w m\u0142odych ludzi, w ich potencja\u0142 oraz w sens marze\u0144, kt\u00f3re \u2013 piel\u0119gnowane i wspierane \u2013 mog\u0105 sta\u0107 si\u0119 rzeczywisto\u015bci\u0105.<br>Dzi\u0119kujemy \u2013 za wsp\u00f3lny czas, emocje i pami\u0119\u0107, kt\u00f3ra zostanie z nami na d\u0142ugo.<\/p>\nngg_shortcode_0_placeholder\n<p>&nbsp;<\/p>\n\n\n<p><\/p>\n","protected":false},"excerpt":{"rendered":"<p>Z ca\u0142ego serca pragniemy podzi\u0119kowa\u0107 wszystkim, kt\u00f3rzy wsp\u00f3\u0142tworzyli Kulturalia \u201eNowy Jork w Wo\u0142czynie\u201d \u2013 wydarzenie, kt\u00f3re na d\u0142ugo pozostanie w <a href=\"http:\/\/zs.wolczyn.pl\/lo\/xxxi-kulturalia-za-nami\/\" class=\"read-more\">Czytaj dalej &#8230;<\/a><\/p>\n","protected":false},"author":1,"featured_media":9370,"comment_status":"closed","ping_status":"closed","sticky":false,"template":"","format":"standard","meta":{"ngg_post_thumbnail":0,"footnotes":""},"categories":[17],"tags":[],"class_list":["post-9343","post","type-post","status-publish","format-standard","has-post-thumbnail","hentry","category-z-zycia-szkoly"],"_links":{"self":[{"href":"http:\/\/zs.wolczyn.pl\/lo\/wp-json\/wp\/v2\/posts\/9343"}],"collection":[{"href":"http:\/\/zs.wolczyn.pl\/lo\/wp-json\/wp\/v2\/posts"}],"about":[{"href":"http:\/\/zs.wolczyn.pl\/lo\/wp-json\/wp\/v2\/types\/post"}],"author":[{"embeddable":true,"href":"http:\/\/zs.wolczyn.pl\/lo\/wp-json\/wp\/v2\/users\/1"}],"replies":[{"embeddable":true,"href":"http:\/\/zs.wolczyn.pl\/lo\/wp-json\/wp\/v2\/comments?post=9343"}],"version-history":[{"count":1,"href":"http:\/\/zs.wolczyn.pl\/lo\/wp-json\/wp\/v2\/posts\/9343\/revisions"}],"predecessor-version":[{"id":9371,"href":"http:\/\/zs.wolczyn.pl\/lo\/wp-json\/wp\/v2\/posts\/9343\/revisions\/9371"}],"wp:featuredmedia":[{"embeddable":true,"href":"http:\/\/zs.wolczyn.pl\/lo\/wp-json\/wp\/v2\/media\/9370"}],"wp:attachment":[{"href":"http:\/\/zs.wolczyn.pl\/lo\/wp-json\/wp\/v2\/media?parent=9343"}],"wp:term":[{"taxonomy":"category","embeddable":true,"href":"http:\/\/zs.wolczyn.pl\/lo\/wp-json\/wp\/v2\/categories?post=9343"},{"taxonomy":"post_tag","embeddable":true,"href":"http:\/\/zs.wolczyn.pl\/lo\/wp-json\/wp\/v2\/tags?post=9343"}],"curies":[{"name":"wp","href":"https:\/\/api.w.org\/{rel}","templated":true}]}}