{"id":9373,"date":"2026-01-20T07:28:39","date_gmt":"2026-01-20T06:28:39","guid":{"rendered":"http:\/\/zs.wolczyn.pl\/lo\/?p=9373"},"modified":"2026-01-20T08:11:02","modified_gmt":"2026-01-20T07:11:02","slug":"otrzymalismy-juz-siodma-tarcze-perspektyw","status":"publish","type":"post","link":"http:\/\/zs.wolczyn.pl\/lo\/otrzymalismy-juz-siodma-tarcze-perspektyw\/","title":{"rendered":"Otrzymali\u015bmy ju\u017c si\u00f3dm\u0105 tarcz\u0119 Perspektyw!"},"content":{"rendered":"<p><a href=\"https:\/\/licea.perspektywy.pl\/rankingi\/ranking-glowny-liceow\/\" target=\"_blank\" rel=\"noopener\"><img fetchpriority=\"high\" decoding=\"async\" class=\"alignleft wp-image-9374 size-medium\" src=\"http:\/\/zs.wolczyn.pl\/lo\/wp-content\/uploads\/2026\/01\/brazowe-liceum-300x300.png\" alt=\"\" width=\"300\" height=\"300\" srcset=\"http:\/\/zs.wolczyn.pl\/lo\/wp-content\/uploads\/2026\/01\/brazowe-liceum-300x300.png 300w, http:\/\/zs.wolczyn.pl\/lo\/wp-content\/uploads\/2026\/01\/brazowe-liceum-1024x1024.png 1024w, http:\/\/zs.wolczyn.pl\/lo\/wp-content\/uploads\/2026\/01\/brazowe-liceum-150x150.png 150w, http:\/\/zs.wolczyn.pl\/lo\/wp-content\/uploads\/2026\/01\/brazowe-liceum-768x768.png 768w, http:\/\/zs.wolczyn.pl\/lo\/wp-content\/uploads\/2026\/01\/brazowe-liceum-270x270.png 270w, http:\/\/zs.wolczyn.pl\/lo\/wp-content\/uploads\/2026\/01\/brazowe-liceum.png 1200w\" sizes=\"(max-width: 300px) 100vw, 300px\" \/><\/a>Jest na bardzo mi\u0142o zakomunikowa\u0107, \u017ce kolejny rok z rz\u0119du nasze Liceum Og\u00f3lnokszta\u0142c\u0105ce zosta\u0142o uwzgl\u0119dnione w Rankingu Lice\u00f3w Og\u00f3lnokszta\u0142c\u0105cych \u201ePerspektywy 2026\u201d.<!--more--><\/p>\n<p>W tym roku stali\u015bmy si\u0119 laureatami Br\u0105zowej Tarczy zajmuj\u0105c 20 miejsce w\u015br\u00f3d szk\u00f3\u0142 wojew\u00f3dztwa opolskiego i 686 w kraju. Wszystkim uczniom i nauczycielom, kt\u00f3rych praca da\u0142a tak dobry wynik \u2013 gratulujemy.<\/p>\n","protected":false},"excerpt":{"rendered":"<p>Jest na bardzo mi\u0142o zakomunikowa\u0107, \u017ce kolejny rok z rz\u0119du nasze Liceum Og\u00f3lnokszta\u0142c\u0105ce zosta\u0142o uwzgl\u0119dnione w Rankingu Lice\u00f3w Og\u00f3lnokszta\u0142c\u0105cych \u201ePerspektywy <a href=\"http:\/\/zs.wolczyn.pl\/lo\/otrzymalismy-juz-siodma-tarcze-perspektyw\/\" class=\"read-more\">Czytaj dalej &#8230;<\/a><\/p>\n","protected":false},"author":1,"featured_media":9375,"comment_status":"closed","ping_status":"closed","sticky":false,"template":"","format":"standard","meta":{"ngg_post_thumbnail":0,"footnotes":""},"categories":[17],"tags":[],"class_list":["post-9373","post","type-post","status-publish","format-standard","has-post-thumbnail","hentry","category-z-zycia-szkoly"],"_links":{"self":[{"href":"http:\/\/zs.wolczyn.pl\/lo\/wp-json\/wp\/v2\/posts\/9373"}],"collection":[{"href":"http:\/\/zs.wolczyn.pl\/lo\/wp-json\/wp\/v2\/posts"}],"about":[{"href":"http:\/\/zs.wolczyn.pl\/lo\/wp-json\/wp\/v2\/types\/post"}],"author":[{"embeddable":true,"href":"http:\/\/zs.wolczyn.pl\/lo\/wp-json\/wp\/v2\/users\/1"}],"replies":[{"embeddable":true,"href":"http:\/\/zs.wolczyn.pl\/lo\/wp-json\/wp\/v2\/comments?post=9373"}],"version-history":[{"count":3,"href":"http:\/\/zs.wolczyn.pl\/lo\/wp-json\/wp\/v2\/posts\/9373\/revisions"}],"predecessor-version":[{"id":9387,"href":"http:\/\/zs.wolczyn.pl\/lo\/wp-json\/wp\/v2\/posts\/9373\/revisions\/9387"}],"wp:featuredmedia":[{"embeddable":true,"href":"http:\/\/zs.wolczyn.pl\/lo\/wp-json\/wp\/v2\/media\/9375"}],"wp:attachment":[{"href":"http:\/\/zs.wolczyn.pl\/lo\/wp-json\/wp\/v2\/media?parent=9373"}],"wp:term":[{"taxonomy":"category","embeddable":true,"href":"http:\/\/zs.wolczyn.pl\/lo\/wp-json\/wp\/v2\/categories?post=9373"},{"taxonomy":"post_tag","embeddable":true,"href":"http:\/\/zs.wolczyn.pl\/lo\/wp-json\/wp\/v2\/tags?post=9373"}],"curies":[{"name":"wp","href":"https:\/\/api.w.org\/{rel}","templated":true}]}}