{"id":9406,"date":"2026-02-04T13:23:31","date_gmt":"2026-02-04T12:23:31","guid":{"rendered":"http:\/\/zs.wolczyn.pl\/lo\/?p=9406"},"modified":"2026-02-05T11:45:28","modified_gmt":"2026-02-05T10:45:28","slug":"ekoklasa-w-naszej-szkole-inwestujemy-w-przyszlosc-uczniow","status":"publish","type":"post","link":"http:\/\/zs.wolczyn.pl\/lo\/ekoklasa-w-naszej-szkole-inwestujemy-w-przyszlosc-uczniow\/","title":{"rendered":"EKOKLASA w naszej szkole \u2013 inwestujemy w przysz\u0142o\u015b\u0107 uczni\u00f3w!"},"content":{"rendered":"<div dir=\"auto\">\n<div dir=\"auto\">W naszej szkole trwaj\u0105 prace remontowe oraz dzia\u0142ania zwi\u0105zane z urz\u0105dzaniem nowoczesnej eko-klasy, kt\u00f3ra ju\u017c wkr\u00f3tce b\u0119dzie s\u0142u\u017cy\u0107 uczniom podczas zaj\u0119\u0107 z przedmiot\u00f3w przyrodniczych.<\/div>\n<div dir=\"auto\">Dzi\u0119ki pozyskanym \u015brodkom z <span class=\"html-span xdj266r x14z9mp xat24cr x1lziwak xexx8yu xyri2b x18d9i69 x1c1uobl x1hl2dhg x16tdsg8 x1vvkbs\"><a class=\"x1i10hfl xjbqb8w x1ejq31n x18oe1m7 x1sy0etr xstzfhl x972fbf x10w94by x1qhh985 x14e42zd x9f619 x1ypdohk xt0psk2 x3ct3a4 xdj266r x14z9mp xat24cr x1lziwak xexx8yu xyri2b x18d9i69 x1c1uobl x16tdsg8 x1hl2dhg xggy1nq x1a2a7pz xkrqix3 x1sur9pj x1fey0fg x1s688f\" tabindex=\"0\" role=\"link\" href=\"http:\/\/www.wfosigw.opole.pl\" target=\"_blank\" rel=\"noopener\"><span class=\"xt0psk2\"><span class=\"xjp7ctv\">Wojew\u00f3dzkiego Funduszu Ochrony \u015arodowiska i Gospodarki Wodnej w Opolu<\/span><\/span><\/a><\/span>, w ramach programu \u201eAkademia M\u0142odego Ekologa\u201d realizujemy przedsi\u0119wzi\u0119cie pn. \u201eEKOKLASA urz\u0105dzona w Zespole Szk\u00f3\u0142 w Wo\u0142czynie\u201d, kt\u00f3re \u0142\u0105czy nowoczesne wyposa\u017cenie dydaktyczne z edukacj\u0105 ekologiczn\u0105. Przestrze\u0144 ta umo\u017cliwi prowadzenie zaj\u0119\u0107 w spos\u00f3b bardziej praktyczny, anga\u017cuj\u0105cy i dostosowany do wsp\u00f3\u0142czesnych potrzeb uczni\u00f3w.<\/div>\n<div dir=\"auto\">Edukacja przyrodnicza prowadzona w korelacji z ekologi\u0105 sprzyja lepszemu rozumieniu zjawisk zachodz\u0105cych w \u015brodowisku, rozwija postawy proekologiczne oraz zwi\u0119ksza efektywno\u015b\u0107 nauczania poprzez nauk\u0119 opart\u0105 na do\u015bwiadczeniu, obserwacji i dzia\u0142aniu.<\/div>\n<div dir=\"auto\">Cieszymy si\u0119, \u017ce mo\u017cemy tworzy\u0107 miejsce, kt\u00f3re nie tylko uczy, ale tak\u017ce inspiruje do odpowiedzialno\u015bci za \u015brodowisko naturalne.<\/div>\n<div dir=\"auto\">O kolejnych etapach realizacji projektu b\u0119dziemy informowa\u0107 na bie\u017c\u0105co!<\/div>\n<div dir=\"auto\">E. W\u0142os<\/div>\n<div dir=\"auto\"><a href=\"https:\/\/www.facebook.com\/wfosigwopole?__cft__[0]=AZYSrdkRfOPxiTgxFTcvG0tSvSlO2_XT9Lrs4PcYx85xrGASSLdpGHJSIArY2MKQMq5hwxQO38HDfBXpb0FJHsP_gxAdy_P5e61UM08rc-ckiHggTyrYbVgWd0iMmZLDSOgIS5ukAmZwK27Xzr57IGRk&amp;__tn__=-]K-R\" target=\"_blank\" rel=\"noopener\"><img fetchpriority=\"high\" decoding=\"async\" class=\"alignleft wp-image-9407 size-medium\" src=\"http:\/\/zs.wolczyn.pl\/lo\/wp-content\/uploads\/2026\/02\/WFOSiGW-logo-skrotowe-poziom-kolor-300x214.png\" alt=\"\" width=\"300\" height=\"214\" srcset=\"http:\/\/zs.wolczyn.pl\/lo\/wp-content\/uploads\/2026\/02\/WFOSiGW-logo-skrotowe-poziom-kolor-300x214.png 300w, http:\/\/zs.wolczyn.pl\/lo\/wp-content\/uploads\/2026\/02\/WFOSiGW-logo-skrotowe-poziom-kolor-1024x729.png 1024w, http:\/\/zs.wolczyn.pl\/lo\/wp-content\/uploads\/2026\/02\/WFOSiGW-logo-skrotowe-poziom-kolor-768x547.png 768w, http:\/\/zs.wolczyn.pl\/lo\/wp-content\/uploads\/2026\/02\/WFOSiGW-logo-skrotowe-poziom-kolor-1536x1093.png 1536w, http:\/\/zs.wolczyn.pl\/lo\/wp-content\/uploads\/2026\/02\/WFOSiGW-logo-skrotowe-poziom-kolor-360x256.png 360w, http:\/\/zs.wolczyn.pl\/lo\/wp-content\/uploads\/2026\/02\/WFOSiGW-logo-skrotowe-poziom-kolor.png 1582w\" sizes=\"(max-width: 300px) 100vw, 300px\" \/><\/a><\/div>\n<\/div>\n","protected":false},"excerpt":{"rendered":"<p>W naszej szkole trwaj\u0105 prace remontowe oraz dzia\u0142ania zwi\u0105zane z urz\u0105dzaniem nowoczesnej eko-klasy, kt\u00f3ra ju\u017c wkr\u00f3tce b\u0119dzie s\u0142u\u017cy\u0107 uczniom podczas <a href=\"http:\/\/zs.wolczyn.pl\/lo\/ekoklasa-w-naszej-szkole-inwestujemy-w-przyszlosc-uczniow\/\" class=\"read-more\">Czytaj dalej &#8230;<\/a><\/p>\n","protected":false},"author":1,"featured_media":9409,"comment_status":"closed","ping_status":"closed","sticky":false,"template":"","format":"standard","meta":{"ngg_post_thumbnail":0,"footnotes":""},"categories":[17],"tags":[],"class_list":["post-9406","post","type-post","status-publish","format-standard","has-post-thumbnail","hentry","category-z-zycia-szkoly"],"_links":{"self":[{"href":"http:\/\/zs.wolczyn.pl\/lo\/wp-json\/wp\/v2\/posts\/9406"}],"collection":[{"href":"http:\/\/zs.wolczyn.pl\/lo\/wp-json\/wp\/v2\/posts"}],"about":[{"href":"http:\/\/zs.wolczyn.pl\/lo\/wp-json\/wp\/v2\/types\/post"}],"author":[{"embeddable":true,"href":"http:\/\/zs.wolczyn.pl\/lo\/wp-json\/wp\/v2\/users\/1"}],"replies":[{"embeddable":true,"href":"http:\/\/zs.wolczyn.pl\/lo\/wp-json\/wp\/v2\/comments?post=9406"}],"version-history":[{"count":3,"href":"http:\/\/zs.wolczyn.pl\/lo\/wp-json\/wp\/v2\/posts\/9406\/revisions"}],"predecessor-version":[{"id":9412,"href":"http:\/\/zs.wolczyn.pl\/lo\/wp-json\/wp\/v2\/posts\/9406\/revisions\/9412"}],"wp:featuredmedia":[{"embeddable":true,"href":"http:\/\/zs.wolczyn.pl\/lo\/wp-json\/wp\/v2\/media\/9409"}],"wp:attachment":[{"href":"http:\/\/zs.wolczyn.pl\/lo\/wp-json\/wp\/v2\/media?parent=9406"}],"wp:term":[{"taxonomy":"category","embeddable":true,"href":"http:\/\/zs.wolczyn.pl\/lo\/wp-json\/wp\/v2\/categories?post=9406"},{"taxonomy":"post_tag","embeddable":true,"href":"http:\/\/zs.wolczyn.pl\/lo\/wp-json\/wp\/v2\/tags?post=9406"}],"curies":[{"name":"wp","href":"https:\/\/api.w.org\/{rel}","templated":true}]}}