{"id":1003,"date":"2019-09-16T12:13:00","date_gmt":"2019-09-16T12:13:00","guid":{"rendered":"http:\/\/zs.wolczyn.pl\/sp\/?p=1003"},"modified":"2019-12-16T12:14:23","modified_gmt":"2019-12-16T12:14:23","slug":"17-wrzesnia-dzien-sybiraka-2","status":"publish","type":"post","link":"http:\/\/zs.wolczyn.pl\/sp\/17-wrzesnia-dzien-sybiraka-2\/","title":{"rendered":"17 wrze\u015bnia &#8211; Dzie\u0144 Sybiraka"},"content":{"rendered":"\n<p><strong>Pami\u0119tamy!<\/strong><\/p>\n\n\n\n<p>17 wrze\u015bnia to nie tylko rocznica napa\u015bci ZSRR, ale te\u017c Dzie\u0144 Sybiraka. 80 lat temu Zwi\u0105zek Radziecki zaatakowa\u0142 Polsk\u0119.<\/p>\n\n\n\n<p>W ten spos\u00f3b do\u0142\u0105czy\u0142 do II wojny \u015bwiatowej w sojuszu z hitlerowskimi Niemcami, a Armia Czerwona przekroczy\u0142a polsko-radzieck\u0105 granic\u0119.<br>Z okazji 80. rocznicy tych tragicznych wydarze\u0144 pod Obeliskiem Katy\u0144skim w Wo\u0142czynie odby\u0142y si\u0119 uroczysto\u015bci, kt\u00f3re przygotowali uczniowie Zespo\u0142u Szk\u00f3\u0142. Wi\u0105zanki pod pomnikiem z\u0142o\u017cyli samorz\u0105dowcy oraz dyrektorzy plac\u00f3wek o\u015bwiatowych.<br>Burmistrz Wo\u0142czyna Jan Leszek Wi\u0105cek podzi\u0119kowa\u0142 za przygotowanie programu i pami\u0119\u0107 o tragicznych wydarzeniach zwi\u0105zanych z sowieck\u0105 agresj\u0105 i wyw\u00f3zk\u0105 Polak\u00f3w na Sybir.<\/p>\n","protected":false},"excerpt":{"rendered":"<p>Pami\u0119tamy! 17 wrze\u015bnia to nie tylko rocznica napa\u015bci ZSRR, ale te\u017c Dzie\u0144 Sybiraka. 80 lat temu Zwi\u0105zek Radziecki zaatakowa\u0142 Polsk\u0119. W ten spos\u00f3b do\u0142\u0105czy\u0142 do II wojny \u015bwiatowej w sojuszu <a href=\"http:\/\/zs.wolczyn.pl\/sp\/17-wrzesnia-dzien-sybiraka-2\/\" class=\"read-more\">Czytaj dalej &#8230;<\/a><\/p>\n","protected":false},"author":1,"featured_media":601,"comment_status":"closed","ping_status":"open","sticky":false,"template":"","format":"standard","meta":{"footnotes":""},"categories":[3],"tags":[],"class_list":["post-1003","post","type-post","status-publish","format-standard","has-post-thumbnail","hentry","category-events"],"_links":{"self":[{"href":"http:\/\/zs.wolczyn.pl\/sp\/wp-json\/wp\/v2\/posts\/1003","targetHints":{"allow":["GET"]}}],"collection":[{"href":"http:\/\/zs.wolczyn.pl\/sp\/wp-json\/wp\/v2\/posts"}],"about":[{"href":"http:\/\/zs.wolczyn.pl\/sp\/wp-json\/wp\/v2\/types\/post"}],"author":[{"embeddable":true,"href":"http:\/\/zs.wolczyn.pl\/sp\/wp-json\/wp\/v2\/users\/1"}],"replies":[{"embeddable":true,"href":"http:\/\/zs.wolczyn.pl\/sp\/wp-json\/wp\/v2\/comments?post=1003"}],"version-history":[{"count":0,"href":"http:\/\/zs.wolczyn.pl\/sp\/wp-json\/wp\/v2\/posts\/1003\/revisions"}],"wp:featuredmedia":[{"embeddable":true,"href":"http:\/\/zs.wolczyn.pl\/sp\/wp-json\/wp\/v2\/media\/601"}],"wp:attachment":[{"href":"http:\/\/zs.wolczyn.pl\/sp\/wp-json\/wp\/v2\/media?parent=1003"}],"wp:term":[{"taxonomy":"category","embeddable":true,"href":"http:\/\/zs.wolczyn.pl\/sp\/wp-json\/wp\/v2\/categories?post=1003"},{"taxonomy":"post_tag","embeddable":true,"href":"http:\/\/zs.wolczyn.pl\/sp\/wp-json\/wp\/v2\/tags?post=1003"}],"curies":[{"name":"wp","href":"https:\/\/api.w.org\/{rel}","templated":true}]}}