{"id":10061,"date":"2025-10-13T09:24:02","date_gmt":"2025-10-13T09:24:02","guid":{"rendered":"http:\/\/zs.wolczyn.pl\/sp\/?p=10061"},"modified":"2025-10-13T09:24:18","modified_gmt":"2025-10-13T09:24:18","slug":"xxv-pielgrzymka-rodziny-szkol-im-jana-pawla-ii","status":"publish","type":"post","link":"http:\/\/zs.wolczyn.pl\/sp\/xxv-pielgrzymka-rodziny-szkol-im-jana-pawla-ii\/","title":{"rendered":"XXV Pielgrzymka Rodziny Szk\u00f3\u0142 im. Jana Paw\u0142a II"},"content":{"rendered":"<p>Uczniowie naszej szko\u0142y: Zuzanna Perdek &#8211; klasa 7a oraz Lena \u015aredniak i Mi\u0142osz Jaszczak z klasy 7b wzi\u0119li udzia\u0142 XXV Pielgrzymce Rodziny Szk\u00f3\u0142 im. Jana Paw\u0142a II, kt\u00f3ra odby\u0142a si\u0119 09 pa\u017adziernika 2025 roku na Jasnej G\u00f3rze.<br \/>\nO godzinie 11 zosta\u0142a odprawiona Msza \u015awi\u0119ta z udzia\u0142em poczt\u00f3w sztandarowych pod przewodnictwem duszpasterza Rodziny Szk\u00f3\u0142 im. Jana Paw\u0142a II Ksi\u0119dza Biskupa Marka Solarczyka. Bezpo\u015brednio po Mszy \u015awi\u0119tej nast\u0105pi\u0142o:<br \/>\n-odczytanie Aktu Zawierzenia Matce Bo\u017cej Kr\u00f3lowej Polski,<br \/>\n-odczytanie listu do Ojca \u015awi\u0119tego Leona XIV,<br \/>\n-podzi\u0119kowania.<br \/>\n\u015aw. Jan Pawe\u0142 II. Prorok Nadziei. To has\u0142o tegorocznego Dnia Papieskiego. Te s\u0142owa by\u0142y tak\u017ce mottem przewodnim jubileuszowej XXV Pielgrzymki Rodziny Szk\u00f3\u0142 im. Jana Paw\u0142a II.<\/p>\n<p><img loading=\"lazy\" decoding=\"async\" class=\"alignnone size-medium wp-image-10062\" src=\"http:\/\/zs.wolczyn.pl\/sp\/wp-content\/uploads\/2025\/10\/8_SP008-20251013k-225x300.jpg\" alt=\"\" width=\"225\" height=\"300\" srcset=\"http:\/\/zs.wolczyn.pl\/sp\/wp-content\/uploads\/2025\/10\/8_SP008-20251013k-225x300.jpg 225w, http:\/\/zs.wolczyn.pl\/sp\/wp-content\/uploads\/2025\/10\/8_SP008-20251013k-768x1024.jpg 768w, http:\/\/zs.wolczyn.pl\/sp\/wp-content\/uploads\/2025\/10\/8_SP008-20251013k-1152x1536.jpg 1152w, http:\/\/zs.wolczyn.pl\/sp\/wp-content\/uploads\/2025\/10\/8_SP008-20251013k-203x270.jpg 203w, http:\/\/zs.wolczyn.pl\/sp\/wp-content\/uploads\/2025\/10\/8_SP008-20251013k.jpg 1440w\" sizes=\"auto, (max-width: 225px) 100vw, 225px\" \/> <img loading=\"lazy\" decoding=\"async\" class=\"alignnone size-medium wp-image-10063\" src=\"http:\/\/zs.wolczyn.pl\/sp\/wp-content\/uploads\/2025\/10\/2_SP002-20251013-225x300.jpg\" alt=\"\" width=\"225\" height=\"300\" srcset=\"http:\/\/zs.wolczyn.pl\/sp\/wp-content\/uploads\/2025\/10\/2_SP002-20251013-225x300.jpg 225w, http:\/\/zs.wolczyn.pl\/sp\/wp-content\/uploads\/2025\/10\/2_SP002-20251013-768x1024.jpg 768w, http:\/\/zs.wolczyn.pl\/sp\/wp-content\/uploads\/2025\/10\/2_SP002-20251013-1152x1536.jpg 1152w, http:\/\/zs.wolczyn.pl\/sp\/wp-content\/uploads\/2025\/10\/2_SP002-20251013-203x270.jpg 203w, http:\/\/zs.wolczyn.pl\/sp\/wp-content\/uploads\/2025\/10\/2_SP002-20251013.jpg 1440w\" sizes=\"auto, (max-width: 225px) 100vw, 225px\" \/> <img loading=\"lazy\" decoding=\"async\" class=\"alignnone size-medium wp-image-10064\" src=\"http:\/\/zs.wolczyn.pl\/sp\/wp-content\/uploads\/2025\/10\/3_SP003-20251013-225x300.jpg\" alt=\"\" width=\"225\" height=\"300\" srcset=\"http:\/\/zs.wolczyn.pl\/sp\/wp-content\/uploads\/2025\/10\/3_SP003-20251013-225x300.jpg 225w, http:\/\/zs.wolczyn.pl\/sp\/wp-content\/uploads\/2025\/10\/3_SP003-20251013-768x1024.jpg 768w, http:\/\/zs.wolczyn.pl\/sp\/wp-content\/uploads\/2025\/10\/3_SP003-20251013-1152x1536.jpg 1152w, http:\/\/zs.wolczyn.pl\/sp\/wp-content\/uploads\/2025\/10\/3_SP003-20251013-203x270.jpg 203w, http:\/\/zs.wolczyn.pl\/sp\/wp-content\/uploads\/2025\/10\/3_SP003-20251013.jpg 1440w\" sizes=\"auto, (max-width: 225px) 100vw, 225px\" \/> <img loading=\"lazy\" decoding=\"async\" class=\"alignnone size-medium wp-image-10065\" src=\"http:\/\/zs.wolczyn.pl\/sp\/wp-content\/uploads\/2025\/10\/4_SP004-20251013-225x300.jpg\" alt=\"\" width=\"225\" height=\"300\" srcset=\"http:\/\/zs.wolczyn.pl\/sp\/wp-content\/uploads\/2025\/10\/4_SP004-20251013-225x300.jpg 225w, http:\/\/zs.wolczyn.pl\/sp\/wp-content\/uploads\/2025\/10\/4_SP004-20251013-768x1024.jpg 768w, http:\/\/zs.wolczyn.pl\/sp\/wp-content\/uploads\/2025\/10\/4_SP004-20251013-1152x1536.jpg 1152w, http:\/\/zs.wolczyn.pl\/sp\/wp-content\/uploads\/2025\/10\/4_SP004-20251013-203x270.jpg 203w, http:\/\/zs.wolczyn.pl\/sp\/wp-content\/uploads\/2025\/10\/4_SP004-20251013.jpg 1440w\" sizes=\"auto, (max-width: 225px) 100vw, 225px\" \/><\/p>\n","protected":false},"excerpt":{"rendered":"<p>Uczniowie naszej szko\u0142y: Zuzanna Perdek &#8211; klasa 7a oraz Lena \u015aredniak i Mi\u0142osz Jaszczak z klasy 7b wzi\u0119li udzia\u0142 XXV Pielgrzymce Rodziny Szk\u00f3\u0142 im. Jana Paw\u0142a II, kt\u00f3ra odby\u0142a si\u0119 <a href=\"http:\/\/zs.wolczyn.pl\/sp\/xxv-pielgrzymka-rodziny-szkol-im-jana-pawla-ii\/\" class=\"read-more\">Czytaj dalej &#8230;<\/a><\/p>\n","protected":false},"author":1,"featured_media":10068,"comment_status":"closed","ping_status":"open","sticky":false,"template":"","format":"standard","meta":{"footnotes":""},"categories":[3],"tags":[],"class_list":["post-10061","post","type-post","status-publish","format-standard","has-post-thumbnail","hentry","category-events"],"_links":{"self":[{"href":"http:\/\/zs.wolczyn.pl\/sp\/wp-json\/wp\/v2\/posts\/10061","targetHints":{"allow":["GET"]}}],"collection":[{"href":"http:\/\/zs.wolczyn.pl\/sp\/wp-json\/wp\/v2\/posts"}],"about":[{"href":"http:\/\/zs.wolczyn.pl\/sp\/wp-json\/wp\/v2\/types\/post"}],"author":[{"embeddable":true,"href":"http:\/\/zs.wolczyn.pl\/sp\/wp-json\/wp\/v2\/users\/1"}],"replies":[{"embeddable":true,"href":"http:\/\/zs.wolczyn.pl\/sp\/wp-json\/wp\/v2\/comments?post=10061"}],"version-history":[{"count":1,"href":"http:\/\/zs.wolczyn.pl\/sp\/wp-json\/wp\/v2\/posts\/10061\/revisions"}],"predecessor-version":[{"id":10069,"href":"http:\/\/zs.wolczyn.pl\/sp\/wp-json\/wp\/v2\/posts\/10061\/revisions\/10069"}],"wp:featuredmedia":[{"embeddable":true,"href":"http:\/\/zs.wolczyn.pl\/sp\/wp-json\/wp\/v2\/media\/10068"}],"wp:attachment":[{"href":"http:\/\/zs.wolczyn.pl\/sp\/wp-json\/wp\/v2\/media?parent=10061"}],"wp:term":[{"taxonomy":"category","embeddable":true,"href":"http:\/\/zs.wolczyn.pl\/sp\/wp-json\/wp\/v2\/categories?post=10061"},{"taxonomy":"post_tag","embeddable":true,"href":"http:\/\/zs.wolczyn.pl\/sp\/wp-json\/wp\/v2\/tags?post=10061"}],"curies":[{"name":"wp","href":"https:\/\/api.w.org\/{rel}","templated":true}]}}