{"id":10077,"date":"2025-10-20T10:37:56","date_gmt":"2025-10-20T10:37:56","guid":{"rendered":"http:\/\/zs.wolczyn.pl\/sp\/?p=10077"},"modified":"2025-10-20T11:02:23","modified_gmt":"2025-10-20T11:02:23","slug":"zbiorka-na-stypendia-fundacji-dzielo-nowego-tysiaclecia","status":"publish","type":"post","link":"http:\/\/zs.wolczyn.pl\/sp\/zbiorka-na-stypendia-fundacji-dzielo-nowego-tysiaclecia\/","title":{"rendered":"Zbi\u00f3rka na stypendia Fundacji \u201eDzie\u0142o Nowego Tysi\u0105clecia\u201d"},"content":{"rendered":"<p><br \/><a href=\"http:\/\/zs.wolczyn.pl\/sp\/wp-content\/uploads\/2025\/10\/ZSW0206_mn.jpg\"><img loading=\"lazy\" decoding=\"async\" class=\"alignleft size-medium wp-image-10079\" src=\"http:\/\/zs.wolczyn.pl\/sp\/wp-content\/uploads\/2025\/10\/ZSW0206_mn-300x200.jpg\" alt=\"\" width=\"300\" height=\"200\" srcset=\"http:\/\/zs.wolczyn.pl\/sp\/wp-content\/uploads\/2025\/10\/ZSW0206_mn-300x200.jpg 300w, http:\/\/zs.wolczyn.pl\/sp\/wp-content\/uploads\/2025\/10\/ZSW0206_mn-768x512.jpg 768w, http:\/\/zs.wolczyn.pl\/sp\/wp-content\/uploads\/2025\/10\/ZSW0206_mn-360x240.jpg 360w, http:\/\/zs.wolczyn.pl\/sp\/wp-content\/uploads\/2025\/10\/ZSW0206_mn.jpg 1000w\" sizes=\"auto, (max-width: 300px) 100vw, 300px\" \/><\/a>W ramach obchod\u00f3w \u015awi\u0119ta Patrona nasza szko\u0142a w\u0142\u0105czy\u0142a si\u0119 do og\u00f3lnopolskiej akcji charytatywnej organizowanej przez Fundacj\u0119 \u201eDzie\u0142o Nowego Tysi\u0105clecia\u201d. Jej celem jest zbi\u00f3rka \u015brodk\u00f3w na fundusz stypendialny dla zdolnej i zaanga\u017cowanej m\u0142odzie\u017cy z mniej zamo\u017cnych rodzin, pochodz\u0105cej g\u0142\u00f3wnie z ma\u0142ych miejscowo\u015bci. 12 pa\u017adziernika 2025r. mieszka\u0144cy naszego miasta i gminy okazali wielkie serce i wra\u017cliwo\u015b\u0107 na potrzeby innych. Z rado\u015bci\u0105 informujemy, \u017ce dzi\u0119ki wsp\u00f3lnemu zaanga\u017cowaniu uda\u0142o si\u0119 zebra\u0107 kwot\u0119 6371,06 z\u0142, kt\u00f3ra zasili program stypendialny Fundacji. Pomoc ta umo\u017cliwi wielu m\u0142odym ludziom kontynuowanie nauki, rozwijanie talent\u00f3w i udzia\u0142 w formacji duchowej i spo\u0142ecznej. Poprzez udzia\u0142 w akcji \u201eDzie\u0142a Nowego Tysi\u0105clecia\u201d nasza spo\u0142eczno\u015b\u0107 szkolna po raz kolejny pokaza\u0142a, \u017ce warto\u015bci g\u0142oszone przez \u015bw. Jana Paw\u0142a II s\u0105 wci\u0105\u017c \u017cywe i aktualne. Serdecznie dzi\u0119kujemy wszystkim za wsparcie i otwarte serce!<\/p>\n\n\n<p><\/p>\n","protected":false},"excerpt":{"rendered":"<p>W ramach obchod\u00f3w \u015awi\u0119ta Patrona nasza szko\u0142a w\u0142\u0105czy\u0142a si\u0119 do og\u00f3lnopolskiej akcji charytatywnej organizowanej przez Fundacj\u0119 \u201eDzie\u0142o Nowego Tysi\u0105clecia\u201d. Jej celem jest zbi\u00f3rka \u015brodk\u00f3w na fundusz stypendialny dla zdolnej i <a href=\"http:\/\/zs.wolczyn.pl\/sp\/zbiorka-na-stypendia-fundacji-dzielo-nowego-tysiaclecia\/\" class=\"read-more\">Czytaj dalej &#8230;<\/a><\/p>\n","protected":false},"author":1,"featured_media":10078,"comment_status":"closed","ping_status":"open","sticky":false,"template":"","format":"standard","meta":{"footnotes":""},"categories":[36,3],"tags":[],"class_list":["post-10077","post","type-post","status-publish","format-standard","has-post-thumbnail","hentry","category-nasz-patron","category-events"],"_links":{"self":[{"href":"http:\/\/zs.wolczyn.pl\/sp\/wp-json\/wp\/v2\/posts\/10077","targetHints":{"allow":["GET"]}}],"collection":[{"href":"http:\/\/zs.wolczyn.pl\/sp\/wp-json\/wp\/v2\/posts"}],"about":[{"href":"http:\/\/zs.wolczyn.pl\/sp\/wp-json\/wp\/v2\/types\/post"}],"author":[{"embeddable":true,"href":"http:\/\/zs.wolczyn.pl\/sp\/wp-json\/wp\/v2\/users\/1"}],"replies":[{"embeddable":true,"href":"http:\/\/zs.wolczyn.pl\/sp\/wp-json\/wp\/v2\/comments?post=10077"}],"version-history":[{"count":3,"href":"http:\/\/zs.wolczyn.pl\/sp\/wp-json\/wp\/v2\/posts\/10077\/revisions"}],"predecessor-version":[{"id":10083,"href":"http:\/\/zs.wolczyn.pl\/sp\/wp-json\/wp\/v2\/posts\/10077\/revisions\/10083"}],"wp:featuredmedia":[{"embeddable":true,"href":"http:\/\/zs.wolczyn.pl\/sp\/wp-json\/wp\/v2\/media\/10078"}],"wp:attachment":[{"href":"http:\/\/zs.wolczyn.pl\/sp\/wp-json\/wp\/v2\/media?parent=10077"}],"wp:term":[{"taxonomy":"category","embeddable":true,"href":"http:\/\/zs.wolczyn.pl\/sp\/wp-json\/wp\/v2\/categories?post=10077"},{"taxonomy":"post_tag","embeddable":true,"href":"http:\/\/zs.wolczyn.pl\/sp\/wp-json\/wp\/v2\/tags?post=10077"}],"curies":[{"name":"wp","href":"https:\/\/api.w.org\/{rel}","templated":true}]}}