{"id":10084,"date":"2025-10-21T05:52:54","date_gmt":"2025-10-21T05:52:54","guid":{"rendered":"http:\/\/zs.wolczyn.pl\/sp\/?p=10084"},"modified":"2025-10-21T05:53:30","modified_gmt":"2025-10-21T05:53:30","slug":"pragniemy-wlaczyc-sie-w-budowanie-pokoju-na-swiecie","status":"publish","type":"post","link":"http:\/\/zs.wolczyn.pl\/sp\/pragniemy-wlaczyc-sie-w-budowanie-pokoju-na-swiecie\/","title":{"rendered":"Pragniemy w\u0142\u0105czy\u0107 si\u0119 w budowanie pokoju na \u015bwiecie&#8230;"},"content":{"rendered":"<p>Podczas Jubileuszu M\u0142odych w Rzymie, Ojciec \u015awi\u0119ty Leon XIV zach\u0119ca\u0142 m\u0142odych, aby modli\u0107 si\u0119 o pok\u00f3j na \u015bwiecie. M\u0142odzie\u017c z Wolina, kt\u00f3ra uczestniczy\u0142a w tym spotkaniu przygotowa\u0142a apel o pok\u00f3j, z kt\u00f3rym zwraca si\u0119 do wszystkich ludzi. Zosta\u0142 on wydany w formie kartki pocztowej i rozes\u0142any m.in. do szk\u00f3\u0142. My r\u00f3wnie\u017c ten apel otrzymali\u015bmy i pragniemy w\u0142\u0105czy\u0107 si\u0119 w budowanie pokoju na \u015bwiecie. \u0141\u0105cz\u0105c si\u0119 z M\u0142odzie\u017c\u0105 z Wolina przesy\u0142amy widok\u00f3wk\u0119 z Zespo\u0142u Szk\u00f3\u0142 w Wo\u0142czynie, poniewa\u017c r\u00f3wnie\u017c uwa\u017camy, \u017ce POK\u00d3J jest warto\u015bci\u0105 najwa\u017cniejsz\u0105!<\/p>\n<p>\u00a0<\/p>\n\n\n<figure class=\"wp-block-image size-large is-style-default\"><img loading=\"lazy\" decoding=\"async\" width=\"1024\" height=\"724\" src=\"http:\/\/zs.wolczyn.pl\/sp\/wp-content\/uploads\/2025\/10\/pocztowka_Wolin-1024x724.png\" alt=\"\" class=\"wp-image-10086\" srcset=\"http:\/\/zs.wolczyn.pl\/sp\/wp-content\/uploads\/2025\/10\/pocztowka_Wolin-1024x724.png 1024w, http:\/\/zs.wolczyn.pl\/sp\/wp-content\/uploads\/2025\/10\/pocztowka_Wolin-300x212.png 300w, http:\/\/zs.wolczyn.pl\/sp\/wp-content\/uploads\/2025\/10\/pocztowka_Wolin-768x543.png 768w, http:\/\/zs.wolczyn.pl\/sp\/wp-content\/uploads\/2025\/10\/pocztowka_Wolin-360x254.png 360w, http:\/\/zs.wolczyn.pl\/sp\/wp-content\/uploads\/2025\/10\/pocztowka_Wolin.png 1341w\" sizes=\"auto, (max-width: 1024px) 100vw, 1024px\" \/><\/figure>\n\n\n\n<figure class=\"wp-block-image size-large\"><img loading=\"lazy\" decoding=\"async\" width=\"1024\" height=\"642\" src=\"http:\/\/zs.wolczyn.pl\/sp\/wp-content\/uploads\/2025\/10\/pocztowka_Wolczyn-1024x642.png\" alt=\"\" class=\"wp-image-10087\" srcset=\"http:\/\/zs.wolczyn.pl\/sp\/wp-content\/uploads\/2025\/10\/pocztowka_Wolczyn-1024x642.png 1024w, http:\/\/zs.wolczyn.pl\/sp\/wp-content\/uploads\/2025\/10\/pocztowka_Wolczyn-300x188.png 300w, http:\/\/zs.wolczyn.pl\/sp\/wp-content\/uploads\/2025\/10\/pocztowka_Wolczyn-768x482.png 768w, http:\/\/zs.wolczyn.pl\/sp\/wp-content\/uploads\/2025\/10\/pocztowka_Wolczyn-360x226.png 360w, http:\/\/zs.wolczyn.pl\/sp\/wp-content\/uploads\/2025\/10\/pocztowka_Wolczyn.png 1476w\" sizes=\"auto, (max-width: 1024px) 100vw, 1024px\" \/><\/figure>\n","protected":false},"excerpt":{"rendered":"<p>Podczas Jubileuszu M\u0142odych w Rzymie, Ojciec \u015awi\u0119ty Leon XIV zach\u0119ca\u0142 m\u0142odych, aby modli\u0107 si\u0119 o pok\u00f3j na \u015bwiecie. M\u0142odzie\u017c z Wolina, kt\u00f3ra uczestniczy\u0142a w tym spotkaniu przygotowa\u0142a apel o pok\u00f3j, <a href=\"http:\/\/zs.wolczyn.pl\/sp\/pragniemy-wlaczyc-sie-w-budowanie-pokoju-na-swiecie\/\" class=\"read-more\">Czytaj dalej &#8230;<\/a><\/p>\n","protected":false},"author":1,"featured_media":10085,"comment_status":"closed","ping_status":"open","sticky":false,"template":"","format":"standard","meta":{"footnotes":""},"categories":[3],"tags":[],"class_list":["post-10084","post","type-post","status-publish","format-standard","has-post-thumbnail","hentry","category-events"],"_links":{"self":[{"href":"http:\/\/zs.wolczyn.pl\/sp\/wp-json\/wp\/v2\/posts\/10084","targetHints":{"allow":["GET"]}}],"collection":[{"href":"http:\/\/zs.wolczyn.pl\/sp\/wp-json\/wp\/v2\/posts"}],"about":[{"href":"http:\/\/zs.wolczyn.pl\/sp\/wp-json\/wp\/v2\/types\/post"}],"author":[{"embeddable":true,"href":"http:\/\/zs.wolczyn.pl\/sp\/wp-json\/wp\/v2\/users\/1"}],"replies":[{"embeddable":true,"href":"http:\/\/zs.wolczyn.pl\/sp\/wp-json\/wp\/v2\/comments?post=10084"}],"version-history":[{"count":1,"href":"http:\/\/zs.wolczyn.pl\/sp\/wp-json\/wp\/v2\/posts\/10084\/revisions"}],"predecessor-version":[{"id":10088,"href":"http:\/\/zs.wolczyn.pl\/sp\/wp-json\/wp\/v2\/posts\/10084\/revisions\/10088"}],"wp:featuredmedia":[{"embeddable":true,"href":"http:\/\/zs.wolczyn.pl\/sp\/wp-json\/wp\/v2\/media\/10085"}],"wp:attachment":[{"href":"http:\/\/zs.wolczyn.pl\/sp\/wp-json\/wp\/v2\/media?parent=10084"}],"wp:term":[{"taxonomy":"category","embeddable":true,"href":"http:\/\/zs.wolczyn.pl\/sp\/wp-json\/wp\/v2\/categories?post=10084"},{"taxonomy":"post_tag","embeddable":true,"href":"http:\/\/zs.wolczyn.pl\/sp\/wp-json\/wp\/v2\/tags?post=10084"}],"curies":[{"name":"wp","href":"https:\/\/api.w.org\/{rel}","templated":true}]}}