{"id":10132,"date":"2025-11-27T06:20:00","date_gmt":"2025-11-27T06:20:00","guid":{"rendered":"http:\/\/zs.wolczyn.pl\/sp\/?p=10132"},"modified":"2025-11-27T06:23:10","modified_gmt":"2025-11-27T06:23:10","slug":"powiatowe-zawody-w-dwa-ognie","status":"publish","type":"post","link":"http:\/\/zs.wolczyn.pl\/sp\/powiatowe-zawody-w-dwa-ognie\/","title":{"rendered":"Powiatowe zawody w Dwa Ognie"},"content":{"rendered":"<p>W pa\u017adzierniku odby\u0142y si\u0119 w Kluczborku zawody powiatowe w DWA OGNIE. Dru\u017cyny dziewcz\u0105t oraz ch\u0142opc\u00f3w naszej szko\u0142y zaj\u0119\u0142y II miejsce.<\/p>\n\n\n<figure class=\"wp-block-table\"><table class=\"has-fixed-layout\"><tbody><tr><td class=\"has-text-align-center\" data-align=\"center\">Reprezentacja dziewcz\u0105t<\/td><td class=\"has-text-align-center\" data-align=\"center\">Reprezentacja ch\u0142opc\u00f3w<\/td><\/tr><tr><td class=\"has-text-align-center\" data-align=\"center\">AUGUSTOWICZ ANIA<br>DOBRYNHUK VIKTORIA<br>ROGACZ JAGODA \u00a0<br>KONRAD MARTA<br>KOPKA AMELIA\u00a0<br>MICHALAK LENA \u00a0\u00a0<br>NOWAK KORNELIA <br>STARO\u015aCIAK MARIA<br>STECKO MARTYNA<br>WI\u0118CEK NINA<\/td><td class=\"has-text-align-center\" data-align=\"center\">CZERNIEJEWSKI MIESZKO<br>DUDA JAN<br>KACY OLIVER<br>KOSS FRANEK<br>LOREK KACPER<br>SADLAK KACPER<br>TARKA OLEK<br>WYR\u0118BAK PRZEMEK<br>ZAGAJA KACPER<br>ZAGAJA SEBASTIAN<\/td><\/tr><\/tbody><\/table><\/figure>\n\n\n\n\n<p>To by\u0142y pierwsze zawody wi\u0119kszo\u015bci uczni\u00f3w .<br \/>GRATULACJE za wol\u0119 walki i godne reprezentowanie szko\u0142y.<\/p>\n<p><a href=\"http:\/\/zs.wolczyn.pl\/sp\/powiatowe-zawody-w-dwa-ognie\/2o-2\/\" rel=\"attachment wp-att-10133\"><img loading=\"lazy\" decoding=\"async\" class=\"alignleft size-medium wp-image-10133\" src=\"http:\/\/zs.wolczyn.pl\/sp\/wp-content\/uploads\/2025\/11\/2o-2-225x300.jpg\" alt=\"\" width=\"225\" height=\"300\" srcset=\"http:\/\/zs.wolczyn.pl\/sp\/wp-content\/uploads\/2025\/11\/2o-2-225x300.jpg 225w, http:\/\/zs.wolczyn.pl\/sp\/wp-content\/uploads\/2025\/11\/2o-2-768x1024.jpg 768w, http:\/\/zs.wolczyn.pl\/sp\/wp-content\/uploads\/2025\/11\/2o-2-1152x1536.jpg 1152w, http:\/\/zs.wolczyn.pl\/sp\/wp-content\/uploads\/2025\/11\/2o-2-203x270.jpg 203w, http:\/\/zs.wolczyn.pl\/sp\/wp-content\/uploads\/2025\/11\/2o-2.jpg 1200w\" sizes=\"auto, (max-width: 225px) 100vw, 225px\" \/><\/a> <a href=\"http:\/\/zs.wolczyn.pl\/sp\/powiatowe-zawody-w-dwa-ognie\/2o-3\/\" rel=\"attachment wp-att-10134\"><img loading=\"lazy\" decoding=\"async\" class=\"alignleft size-medium wp-image-10134\" src=\"http:\/\/zs.wolczyn.pl\/sp\/wp-content\/uploads\/2025\/11\/2o-3-225x300.jpg\" alt=\"\" width=\"225\" height=\"300\" srcset=\"http:\/\/zs.wolczyn.pl\/sp\/wp-content\/uploads\/2025\/11\/2o-3-225x300.jpg 225w, http:\/\/zs.wolczyn.pl\/sp\/wp-content\/uploads\/2025\/11\/2o-3-768x1024.jpg 768w, http:\/\/zs.wolczyn.pl\/sp\/wp-content\/uploads\/2025\/11\/2o-3-1152x1536.jpg 1152w, http:\/\/zs.wolczyn.pl\/sp\/wp-content\/uploads\/2025\/11\/2o-3-203x270.jpg 203w, http:\/\/zs.wolczyn.pl\/sp\/wp-content\/uploads\/2025\/11\/2o-3.jpg 1200w\" sizes=\"auto, (max-width: 225px) 100vw, 225px\" \/><\/a> <a href=\"http:\/\/zs.wolczyn.pl\/sp\/powiatowe-zawody-w-dwa-ognie\/2o-5\/\" rel=\"attachment wp-att-10135\"><img loading=\"lazy\" decoding=\"async\" class=\"alignleft size-medium wp-image-10135\" src=\"http:\/\/zs.wolczyn.pl\/sp\/wp-content\/uploads\/2025\/11\/2o-5-225x300.jpg\" alt=\"\" width=\"225\" height=\"300\" srcset=\"http:\/\/zs.wolczyn.pl\/sp\/wp-content\/uploads\/2025\/11\/2o-5-225x300.jpg 225w, http:\/\/zs.wolczyn.pl\/sp\/wp-content\/uploads\/2025\/11\/2o-5-768x1024.jpg 768w, http:\/\/zs.wolczyn.pl\/sp\/wp-content\/uploads\/2025\/11\/2o-5-1152x1536.jpg 1152w, http:\/\/zs.wolczyn.pl\/sp\/wp-content\/uploads\/2025\/11\/2o-5-203x270.jpg 203w, http:\/\/zs.wolczyn.pl\/sp\/wp-content\/uploads\/2025\/11\/2o-5.jpg 1200w\" sizes=\"auto, (max-width: 225px) 100vw, 225px\" \/><\/a> <a href=\"http:\/\/zs.wolczyn.pl\/sp\/powiatowe-zawody-w-dwa-ognie\/20-4\/\" rel=\"attachment wp-att-10136\"><img loading=\"lazy\" decoding=\"async\" class=\"alignleft size-medium wp-image-10136\" src=\"http:\/\/zs.wolczyn.pl\/sp\/wp-content\/uploads\/2025\/11\/20-4-225x300.jpg\" alt=\"\" width=\"225\" height=\"300\" srcset=\"http:\/\/zs.wolczyn.pl\/sp\/wp-content\/uploads\/2025\/11\/20-4-225x300.jpg 225w, http:\/\/zs.wolczyn.pl\/sp\/wp-content\/uploads\/2025\/11\/20-4-768x1024.jpg 768w, http:\/\/zs.wolczyn.pl\/sp\/wp-content\/uploads\/2025\/11\/20-4-1152x1536.jpg 1152w, http:\/\/zs.wolczyn.pl\/sp\/wp-content\/uploads\/2025\/11\/20-4-203x270.jpg 203w, http:\/\/zs.wolczyn.pl\/sp\/wp-content\/uploads\/2025\/11\/20-4.jpg 1200w\" sizes=\"auto, (max-width: 225px) 100vw, 225px\" \/><\/a><a href=\"http:\/\/zs.wolczyn.pl\/sp\/powiatowe-zawody-w-dwa-ognie\/20-6\/\" rel=\"attachment wp-att-10137\"><img loading=\"lazy\" decoding=\"async\" class=\"alignleft size-medium wp-image-10137\" src=\"http:\/\/zs.wolczyn.pl\/sp\/wp-content\/uploads\/2025\/11\/20-6-225x300.jpg\" alt=\"\" width=\"225\" height=\"300\" srcset=\"http:\/\/zs.wolczyn.pl\/sp\/wp-content\/uploads\/2025\/11\/20-6-225x300.jpg 225w, http:\/\/zs.wolczyn.pl\/sp\/wp-content\/uploads\/2025\/11\/20-6-768x1024.jpg 768w, http:\/\/zs.wolczyn.pl\/sp\/wp-content\/uploads\/2025\/11\/20-6-1152x1536.jpg 1152w, http:\/\/zs.wolczyn.pl\/sp\/wp-content\/uploads\/2025\/11\/20-6-203x270.jpg 203w, http:\/\/zs.wolczyn.pl\/sp\/wp-content\/uploads\/2025\/11\/20-6.jpg 1200w\" sizes=\"auto, (max-width: 225px) 100vw, 225px\" \/><\/a><\/p>","protected":false},"excerpt":{"rendered":"<p>W pa\u017adzierniku odby\u0142y si\u0119 w Kluczborku zawody powiatowe w DWA OGNIE. Dru\u017cyny dziewcz\u0105t oraz ch\u0142opc\u00f3w naszej szko\u0142y zaj\u0119\u0142y II miejsce. Reprezentacja dziewcz\u0105t Reprezentacja ch\u0142opc\u00f3w AUGUSTOWICZ ANIADOBRYNHUK VIKTORIAROGACZ JAGODA \u00a0KONRAD MARTAKOPKA <a href=\"http:\/\/zs.wolczyn.pl\/sp\/powiatowe-zawody-w-dwa-ognie\/\" class=\"read-more\">Czytaj dalej &#8230;<\/a><\/p>\n","protected":false},"author":1,"featured_media":10138,"comment_status":"closed","ping_status":"open","sticky":false,"template":"","format":"standard","meta":{"footnotes":""},"categories":[16,3],"tags":[],"class_list":["post-10132","post","type-post","status-publish","format-standard","has-post-thumbnail","hentry","category-sport","category-events"],"_links":{"self":[{"href":"http:\/\/zs.wolczyn.pl\/sp\/wp-json\/wp\/v2\/posts\/10132","targetHints":{"allow":["GET"]}}],"collection":[{"href":"http:\/\/zs.wolczyn.pl\/sp\/wp-json\/wp\/v2\/posts"}],"about":[{"href":"http:\/\/zs.wolczyn.pl\/sp\/wp-json\/wp\/v2\/types\/post"}],"author":[{"embeddable":true,"href":"http:\/\/zs.wolczyn.pl\/sp\/wp-json\/wp\/v2\/users\/1"}],"replies":[{"embeddable":true,"href":"http:\/\/zs.wolczyn.pl\/sp\/wp-json\/wp\/v2\/comments?post=10132"}],"version-history":[{"count":4,"href":"http:\/\/zs.wolczyn.pl\/sp\/wp-json\/wp\/v2\/posts\/10132\/revisions"}],"predecessor-version":[{"id":10143,"href":"http:\/\/zs.wolczyn.pl\/sp\/wp-json\/wp\/v2\/posts\/10132\/revisions\/10143"}],"wp:featuredmedia":[{"embeddable":true,"href":"http:\/\/zs.wolczyn.pl\/sp\/wp-json\/wp\/v2\/media\/10138"}],"wp:attachment":[{"href":"http:\/\/zs.wolczyn.pl\/sp\/wp-json\/wp\/v2\/media?parent=10132"}],"wp:term":[{"taxonomy":"category","embeddable":true,"href":"http:\/\/zs.wolczyn.pl\/sp\/wp-json\/wp\/v2\/categories?post=10132"},{"taxonomy":"post_tag","embeddable":true,"href":"http:\/\/zs.wolczyn.pl\/sp\/wp-json\/wp\/v2\/tags?post=10132"}],"curies":[{"name":"wp","href":"https:\/\/api.w.org\/{rel}","templated":true}]}}