{"id":10144,"date":"2025-11-27T07:03:33","date_gmt":"2025-11-27T07:03:33","guid":{"rendered":"http:\/\/zs.wolczyn.pl\/sp\/?p=10144"},"modified":"2025-11-27T07:03:46","modified_gmt":"2025-11-27T07:03:46","slug":"powiatowe-zawody-w-mini-pilke-reczna-dziewczat","status":"publish","type":"post","link":"http:\/\/zs.wolczyn.pl\/sp\/powiatowe-zawody-w-mini-pilke-reczna-dziewczat\/","title":{"rendered":"Powiatowe zawody w Mini Pi\u0142k\u0119 R\u0119czn\u0105 dziewcz\u0105t"},"content":{"rendered":"<p>19.XI.25 r. w kluczborskim Kampusie odby\u0142y si\u0119 zawody powiatowe w Mini Pi\u0142k\u0119 R\u0119czn\u0105 dziewcz\u0105t.<br \/>\nDo rywalizacji o tytu\u0142 mistrza powiatu kluczborskiego stan\u0119\u0142y 4 dru\u017cyny:<br \/>\n&#8211;PSP nr 1 Kluczbork<br \/>\n&#8211;PSP nr 5 Kluczbork<br \/>\n&#8211;SP Biskupice<br \/>\n&#8211;ZS Wo\u0142czyn<\/p>\n<p>Reprezentacja naszej szko\u0142y w sk\u0142adzie:<br \/>\nDZIOBIAK LENA, KWIATKOWSKA DARIA, MIKU\u015a KARINA, PASTERNAK AMELIA, PIECKIELUN TOSIA, RAJMER MAGDA, RYBSKA MAJA, SKOCZYLAS MAJA, TESTARD EMMA, TOKARSKA WERONIKA, WESO\u0141A LENA,\u00a0 WESO\u0141A ZUZIA, WI\u0118CEK NINA, ZIUBRONIEWICZ NIKOLA;<br \/>\nwygra\u0142a wysoko (10:2; 7:1; 8:2) wszystkie mecze i uplasowa\u0142a si\u0119 na I MIEJSCU.<\/p>\n<p>Dziewczyny b\u0119d\u0105 reprezentowa\u0107 nasz powiat w p\u00f3\u0142finale wojew\u00f3dzkim.<br \/>\nPowodzenia!!!<br \/>\n<a href=\"http:\/\/zs.wolczyn.pl\/sp\/powiatowe-zawody-w-mini-pilke-reczna-dziewczat\/z2\/\" rel=\"attachment wp-att-10145\"><img loading=\"lazy\" decoding=\"async\" class=\"alignleft size-medium wp-image-10145\" src=\"http:\/\/zs.wolczyn.pl\/sp\/wp-content\/uploads\/2025\/11\/Z2-169x300.jpg\" alt=\"\" width=\"169\" height=\"300\" srcset=\"http:\/\/zs.wolczyn.pl\/sp\/wp-content\/uploads\/2025\/11\/Z2-169x300.jpg 169w, http:\/\/zs.wolczyn.pl\/sp\/wp-content\/uploads\/2025\/11\/Z2-577x1024.jpg 577w, http:\/\/zs.wolczyn.pl\/sp\/wp-content\/uploads\/2025\/11\/Z2-768x1364.jpg 768w, http:\/\/zs.wolczyn.pl\/sp\/wp-content\/uploads\/2025\/11\/Z2-865x1536.jpg 865w, http:\/\/zs.wolczyn.pl\/sp\/wp-content\/uploads\/2025\/11\/Z2-152x270.jpg 152w, http:\/\/zs.wolczyn.pl\/sp\/wp-content\/uploads\/2025\/11\/Z2.jpg 901w\" sizes=\"auto, (max-width: 169px) 100vw, 169px\" \/><\/a> <a href=\"http:\/\/zs.wolczyn.pl\/sp\/powiatowe-zawody-w-mini-pilke-reczna-dziewczat\/z1-2\/\" rel=\"attachment wp-att-10146\"><img loading=\"lazy\" decoding=\"async\" class=\"alignleft size-medium wp-image-10146\" src=\"http:\/\/zs.wolczyn.pl\/sp\/wp-content\/uploads\/2025\/11\/Z1-225x300.jpg\" alt=\"\" width=\"225\" height=\"300\" srcset=\"http:\/\/zs.wolczyn.pl\/sp\/wp-content\/uploads\/2025\/11\/Z1-225x300.jpg 225w, http:\/\/zs.wolczyn.pl\/sp\/wp-content\/uploads\/2025\/11\/Z1-768x1024.jpg 768w, http:\/\/zs.wolczyn.pl\/sp\/wp-content\/uploads\/2025\/11\/Z1-1152x1536.jpg 1152w, http:\/\/zs.wolczyn.pl\/sp\/wp-content\/uploads\/2025\/11\/Z1-203x270.jpg 203w, http:\/\/zs.wolczyn.pl\/sp\/wp-content\/uploads\/2025\/11\/Z1.jpg 1200w\" sizes=\"auto, (max-width: 225px) 100vw, 225px\" \/><\/a><\/p>\n","protected":false},"excerpt":{"rendered":"<p>19.XI.25 r. w kluczborskim Kampusie odby\u0142y si\u0119 zawody powiatowe w Mini Pi\u0142k\u0119 R\u0119czn\u0105 dziewcz\u0105t. Do rywalizacji o tytu\u0142 mistrza powiatu kluczborskiego stan\u0119\u0142y 4 dru\u017cyny: &#8211;PSP nr 1 Kluczbork &#8211;PSP nr <a href=\"http:\/\/zs.wolczyn.pl\/sp\/powiatowe-zawody-w-mini-pilke-reczna-dziewczat\/\" class=\"read-more\">Czytaj dalej &#8230;<\/a><\/p>\n","protected":false},"author":1,"featured_media":10149,"comment_status":"closed","ping_status":"open","sticky":false,"template":"","format":"standard","meta":{"footnotes":""},"categories":[3],"tags":[],"class_list":["post-10144","post","type-post","status-publish","format-standard","has-post-thumbnail","hentry","category-events"],"_links":{"self":[{"href":"http:\/\/zs.wolczyn.pl\/sp\/wp-json\/wp\/v2\/posts\/10144","targetHints":{"allow":["GET"]}}],"collection":[{"href":"http:\/\/zs.wolczyn.pl\/sp\/wp-json\/wp\/v2\/posts"}],"about":[{"href":"http:\/\/zs.wolczyn.pl\/sp\/wp-json\/wp\/v2\/types\/post"}],"author":[{"embeddable":true,"href":"http:\/\/zs.wolczyn.pl\/sp\/wp-json\/wp\/v2\/users\/1"}],"replies":[{"embeddable":true,"href":"http:\/\/zs.wolczyn.pl\/sp\/wp-json\/wp\/v2\/comments?post=10144"}],"version-history":[{"count":3,"href":"http:\/\/zs.wolczyn.pl\/sp\/wp-json\/wp\/v2\/posts\/10144\/revisions"}],"predecessor-version":[{"id":10153,"href":"http:\/\/zs.wolczyn.pl\/sp\/wp-json\/wp\/v2\/posts\/10144\/revisions\/10153"}],"wp:featuredmedia":[{"embeddable":true,"href":"http:\/\/zs.wolczyn.pl\/sp\/wp-json\/wp\/v2\/media\/10149"}],"wp:attachment":[{"href":"http:\/\/zs.wolczyn.pl\/sp\/wp-json\/wp\/v2\/media?parent=10144"}],"wp:term":[{"taxonomy":"category","embeddable":true,"href":"http:\/\/zs.wolczyn.pl\/sp\/wp-json\/wp\/v2\/categories?post=10144"},{"taxonomy":"post_tag","embeddable":true,"href":"http:\/\/zs.wolczyn.pl\/sp\/wp-json\/wp\/v2\/tags?post=10144"}],"curies":[{"name":"wp","href":"https:\/\/api.w.org\/{rel}","templated":true}]}}