{"id":10161,"date":"2025-11-28T12:38:57","date_gmt":"2025-11-28T12:38:57","guid":{"rendered":"http:\/\/zs.wolczyn.pl\/sp\/?p=10161"},"modified":"2025-11-28T12:39:33","modified_gmt":"2025-11-28T12:39:33","slug":"zakonczenie-kampanii-dziecinstwo-bez-przemocy-2025","status":"publish","type":"post","link":"http:\/\/zs.wolczyn.pl\/sp\/zakonczenie-kampanii-dziecinstwo-bez-przemocy-2025\/","title":{"rendered":"Zako\u0144czenie kampanii Dzieci\u0144stwo bez Przemocy 2025"},"content":{"rendered":"<div dir=\"auto\">Fundacja Dajemy Dzieciom Si\u0142\u0119 przekaza\u0142a nam w imieniu swoim i organizacji z Krajowej Koalicji na rzecz Ochrony Dzieci serdecznie dzi\u0119kuj\u0119 za udzia\u0142 w kampanii Dzieci\u0144stwo bez Przemocy 2025.<\/div>\n<div dir=\"auto\">Przez 6 tygodni trwania akcji tysi\u0105ce instytucji i organizacji w ca\u0142ej Polsce zrealizowa\u0142o dziesi\u0105tki tysi\u0119cy inicjatyw edukacyjnych na rzecz dzieci\u0144stwa mocy bez przemocy.<\/div>\n<div dir=\"auto\"><\/div>\n<div dir=\"auto\"><a href=\"http:\/\/zs.wolczyn.pl\/sp\/wp-content\/uploads\/2025\/11\/podziekowanie-DbP-scaled.jpg\"><img loading=\"lazy\" decoding=\"async\" class=\"alignleft size-medium wp-image-10163\" src=\"http:\/\/zs.wolczyn.pl\/sp\/wp-content\/uploads\/2025\/11\/podziekowanie-DbP-212x300.jpg\" alt=\"\" width=\"212\" height=\"300\" srcset=\"http:\/\/zs.wolczyn.pl\/sp\/wp-content\/uploads\/2025\/11\/podziekowanie-DbP-212x300.jpg 212w, http:\/\/zs.wolczyn.pl\/sp\/wp-content\/uploads\/2025\/11\/podziekowanie-DbP-724x1024.jpg 724w, http:\/\/zs.wolczyn.pl\/sp\/wp-content\/uploads\/2025\/11\/podziekowanie-DbP-768x1086.jpg 768w, http:\/\/zs.wolczyn.pl\/sp\/wp-content\/uploads\/2025\/11\/podziekowanie-DbP-1086x1536.jpg 1086w, http:\/\/zs.wolczyn.pl\/sp\/wp-content\/uploads\/2025\/11\/podziekowanie-DbP-1448x2048.jpg 1448w, http:\/\/zs.wolczyn.pl\/sp\/wp-content\/uploads\/2025\/11\/podziekowanie-DbP-191x270.jpg 191w, http:\/\/zs.wolczyn.pl\/sp\/wp-content\/uploads\/2025\/11\/podziekowanie-DbP-scaled.jpg 1810w\" sizes=\"auto, (max-width: 212px) 100vw, 212px\" \/><\/a><a href=\"http:\/\/zs.wolczyn.pl\/sp\/wp-content\/uploads\/2025\/11\/List-podziekowania.jpg\"><img loading=\"lazy\" decoding=\"async\" class=\"alignleft size-medium wp-image-10162\" src=\"http:\/\/zs.wolczyn.pl\/sp\/wp-content\/uploads\/2025\/11\/List-podziekowania-212x300.jpg\" alt=\"\" width=\"212\" height=\"300\" srcset=\"http:\/\/zs.wolczyn.pl\/sp\/wp-content\/uploads\/2025\/11\/List-podziekowania-212x300.jpg 212w, http:\/\/zs.wolczyn.pl\/sp\/wp-content\/uploads\/2025\/11\/List-podziekowania-724x1024.jpg 724w, http:\/\/zs.wolczyn.pl\/sp\/wp-content\/uploads\/2025\/11\/List-podziekowania-768x1086.jpg 768w, http:\/\/zs.wolczyn.pl\/sp\/wp-content\/uploads\/2025\/11\/List-podziekowania-1086x1536.jpg 1086w, http:\/\/zs.wolczyn.pl\/sp\/wp-content\/uploads\/2025\/11\/List-podziekowania-1448x2048.jpg 1448w, http:\/\/zs.wolczyn.pl\/sp\/wp-content\/uploads\/2025\/11\/List-podziekowania-191x270.jpg 191w, http:\/\/zs.wolczyn.pl\/sp\/wp-content\/uploads\/2025\/11\/List-podziekowania.jpg 1654w\" sizes=\"auto, (max-width: 212px) 100vw, 212px\" \/><\/a><\/div>\n","protected":false},"excerpt":{"rendered":"<p>Fundacja Dajemy Dzieciom Si\u0142\u0119 przekaza\u0142a nam w imieniu swoim i organizacji z Krajowej Koalicji na rzecz Ochrony Dzieci serdecznie dzi\u0119kuj\u0119 za udzia\u0142 w kampanii Dzieci\u0144stwo bez Przemocy 2025. Przez 6 <a href=\"http:\/\/zs.wolczyn.pl\/sp\/zakonczenie-kampanii-dziecinstwo-bez-przemocy-2025\/\" class=\"read-more\">Czytaj dalej &#8230;<\/a><\/p>\n","protected":false},"author":1,"featured_media":10055,"comment_status":"closed","ping_status":"open","sticky":false,"template":"","format":"standard","meta":{"footnotes":""},"categories":[41],"tags":[],"class_list":["post-10161","post","type-post","status-publish","format-standard","has-post-thumbnail","hentry","category-kampania-dziecinstwo-bez-przemocy"],"_links":{"self":[{"href":"http:\/\/zs.wolczyn.pl\/sp\/wp-json\/wp\/v2\/posts\/10161","targetHints":{"allow":["GET"]}}],"collection":[{"href":"http:\/\/zs.wolczyn.pl\/sp\/wp-json\/wp\/v2\/posts"}],"about":[{"href":"http:\/\/zs.wolczyn.pl\/sp\/wp-json\/wp\/v2\/types\/post"}],"author":[{"embeddable":true,"href":"http:\/\/zs.wolczyn.pl\/sp\/wp-json\/wp\/v2\/users\/1"}],"replies":[{"embeddable":true,"href":"http:\/\/zs.wolczyn.pl\/sp\/wp-json\/wp\/v2\/comments?post=10161"}],"version-history":[{"count":1,"href":"http:\/\/zs.wolczyn.pl\/sp\/wp-json\/wp\/v2\/posts\/10161\/revisions"}],"predecessor-version":[{"id":10164,"href":"http:\/\/zs.wolczyn.pl\/sp\/wp-json\/wp\/v2\/posts\/10161\/revisions\/10164"}],"wp:featuredmedia":[{"embeddable":true,"href":"http:\/\/zs.wolczyn.pl\/sp\/wp-json\/wp\/v2\/media\/10055"}],"wp:attachment":[{"href":"http:\/\/zs.wolczyn.pl\/sp\/wp-json\/wp\/v2\/media?parent=10161"}],"wp:term":[{"taxonomy":"category","embeddable":true,"href":"http:\/\/zs.wolczyn.pl\/sp\/wp-json\/wp\/v2\/categories?post=10161"},{"taxonomy":"post_tag","embeddable":true,"href":"http:\/\/zs.wolczyn.pl\/sp\/wp-json\/wp\/v2\/tags?post=10161"}],"curies":[{"name":"wp","href":"https:\/\/api.w.org\/{rel}","templated":true}]}}