{"id":1175,"date":"2019-09-09T06:24:00","date_gmt":"2019-09-09T06:24:00","guid":{"rendered":"http:\/\/zs.wolczyn.pl\/sp\/?p=1175"},"modified":"2025-05-09T08:41:42","modified_gmt":"2025-05-09T08:41:42","slug":"klauzula-informacyjna-rodo","status":"publish","type":"post","link":"http:\/\/zs.wolczyn.pl\/sp\/klauzula-informacyjna-rodo\/","title":{"rendered":"Klauzula informacyjna RODO"},"content":{"rendered":"\n<p><strong>Szanowni Pa\u0144stwo,<\/strong><\/p>\n\n\n\n<p>Z dniem 25 maja 2018 r.\nzacz\u0119\u0142y obowi\u0105zywa\u0107 przepisy Rozporz\u0105dzenia Parlamentu Europejskiego i Rady UE\n2016\/679 z dnia 27 kwietnia 2016 r. w sprawie ochrony os\u00f3b fizycznych w zwi\u0105zku\nz przetwarzaniem danych osobowych i w sprawie swobodnego przep\u0142ywu takich\ndanych oraz uchylenia dyrektywy 95\/46\/WE (okre\u015blane cz\u0119sto jako \u201cRODO&#8221;).\nRODO obowi\u0105zuje we wszystkich krajach Unii Europejskiej i wprowadza szereg\nzmian w rozporz\u0105dzaniu danymi osobowymi w jednostkach organizacyjnych. Tak\u017ce\nZesp\u00f3\u0142 Szk\u00f3\u0142 w Wo\u0142czynie, w trosce o bezpiecze\u0144stwo Pa\u0144stwa danych osobowych,\nwprowadzi\u0142 okre\u015blone regulacje, opisane w poni\u017cszej klauzuli informacyjnej.<\/p>\n\n\n\n<h4 class=\"wp-block-heading\"><strong>Administrator Danych Osobowych oraz Inspektor Ochrony Danych<\/strong><\/h4>\n\n\n\n<p>Administratorem danych osobowych Pa\u0144stwa oraz Pa\u0144stwa dzieci \u2013 uczni\u00f3w naszej Szko\u0142y jest Zesp\u00f3\u0142 Szk\u00f3\u0142 w Wo\u0142czynie, ul. Rzeczna 6, 46-250 Wo\u0142czyn, nr tel. 77 4072180.<\/p>\n\n\n\n<p>W\nprzypadku pyta\u0144 lub w\u0105tpliwo\u015bci, czy dane w Szkole s\u0105 przetwarzane prawid\u0142owo,\nmo\u017cna zwr\u00f3ci\u0107 si\u0119 do wyznaczonego w plac\u00f3wce Inspektora Ochrony Danych, kt\u00f3rym\njest obecnie pan Robert Duda, adres e-mail; iod@huczynski.pl<\/p>\n\n\n\n<h4 class=\"wp-block-heading\"><strong>Cel oraz podstawy prawne przetwarzania<\/strong><\/h4>\n\n\n\n<p>Celem\nprzetwarzania Pa\u0144stwa danych osobowych oraz danych Pa\u0144stwa dzieci jest realizacja\nstatutowych zada\u0144 dydaktycznych, opieku\u0144czych i wychowawczych w Szkole.\nNatomiast regulacje prawne, na podstawie kt\u00f3rych przetwarzamy dane osobowe\nPa\u0144stwa i Pa\u0144stwa dzieci to; art.6 ust.1 lit. c. RODO (wype\u0142nienie obowi\u0105zku\nprawnego ci\u0105\u017c\u0105cego na Administratorze), Ustawa Prawo o\u015bwiatowe oraz Ustawa o\nsystemie o\u015bwiaty. W niekt\u00f3rych sytuacjach przetwarzamy r\u00f3wnie\u017c dane osobowe na\npodstawie Pa\u0144stwa zgody (art.6 ust.1 lit. a. RODO). Ma to miejsce na przyk\u0142ad w\nsytuacji, gdy planujemy umie\u015bci\u0107 wizerunek (zdj\u0119cie) Pa\u0144stwa dziecka na stronie\ninternetowej Szko\u0142y.<\/p>\n\n\n\n<p>Natomiast\nw przypadku wykorzystania monitoringu wizyjnego w Szkole podstaw\u0105 przetwarzania\ndanych jest art.6 ust.1 lit. e. RODO &#8211; wykonanie zadania realizowanego w\ninteresie publicznym.<\/p>\n\n\n\n<h4 class=\"wp-block-heading\"><strong>Odbiorcy danych<\/strong><\/h4>\n\n\n\n<p>Dane\nosobowe Pa\u0144stwa oraz Pa\u0144stwa dzieci przekazywane s\u0105 organom publicznym oraz\nzaufanym podmiotom, z kt\u00f3rymi Szko\u0142a posiada podpisane umowy powierzenia\nprzetwarzania danych osobowych.<\/p>\n\n\n\n<h4 class=\"wp-block-heading\"><strong>Przekazywanie danych do pa\u0144stw trzecich lub organizacji mi\u0119dzynarodowych<\/strong><\/h4>\n\n\n\n<p>Nie przekazujemy danych osobowych Pa\u0144stwa oraz\nPa\u0144stwa dzieci poza teren Polski.<\/p>\n\n\n\n<h4 class=\"wp-block-heading\"><strong>Okres przechowywania danych<\/strong><\/h4>\n\n\n\n<p>Dane osobowe Pa\u0144stwa oraz\nPa\u0144stwa dzieci przechowywane b\u0119d\u0105 przez okres ustalony w Jednolitym Rzeczowym\nWykazie Akt, zatwierdzonym przez Archiwum Pa\u0144stwowe w Opolu. W przypadku\nmonitoringu wizyjnego okres przechowywania danych wynosi 7 dni.<\/p>\n\n\n\n<p><strong>Uprawnienia<\/strong><\/p>\n\n\n\n<p>W przypadku danych osobowych Pa\u0144stwa oraz\nPa\u0144stwa dzieci przys\u0142uguje Pa\u0144stwu;<\/p>\n\n\n\n<ul class=\"wp-block-list\">\n<li>prawo dost\u0119pu do danych oraz otrzymania ich kopii<\/li>\n\n\n\n<li>prawo do sprostowania (poprawiania) danych<\/li>\n\n\n\n<li>prawo do usuni\u0119cia danych<\/li>\n\n\n\n<li>prawo do ograniczenia przetwarzania danych<\/li>\n\n\n\n<li>prawo do przenoszenia danych<\/li>\n\n\n\n<li>prawo do wniesienia sprzeciwu wobec przetwarzania danych<\/li>\n\n\n\n<li>prawo do cofni\u0119cia zgody na przetwarzanie danych \u2013 przy czym cofni\u0119cie zgody nie b\u0119dzie wp\u0142ywa\u0107 na zgodno\u015b\u0107 z prawem przetwarzania, kt\u00f3rego dokonano na podstawie Pa\u0144stwa zgody przed jej wycofaniem<\/li>\n\n\n\n<li>prawo do wniesienia skargi do organu nadzorczego (Prezesa Urz\u0119du Ochrony Danych)<\/li>\n<\/ul>\n\n\n\n<p>w przypadku, gdy uwa\u017caj\u0105 Pa\u0144stwo, \u017ce przetwarzamy Pa\u0144stwa dane niezgodnie z prawem.<\/p>\n\n\n\n<h4 class=\"wp-block-heading\"><strong>Informacja o wymogu\/dobrowolno\u015bci podania danych<\/strong><\/h4>\n\n\n\n<p>Podanie przez Pa\u0144stwo danych osobowych jest:<\/p>\n\n\n\n<ul class=\"wp-block-list\">\n<li>wymogiem ustawowym \u2013 w przypadkach wynikaj\u0105cych z Ustawy Prawo o\u015bwiatowe oraz Ustawy o systemie o\u015bwiaty<\/li>\n\n\n\n<li>dobrowolne &#8211; w przypadkach, w kt\u00f3rych wyrazili Pa\u0144stwo zgod\u0119 na przetwarzanie danych.<\/li>\n<\/ul>\n\n\n\n<h4 class=\"wp-block-heading\"><strong>Informacja o profilowaniu<\/strong><\/h4>\n\n\n\n<p>Przetwarzanie\nPa\u0144stwa danych osobowych oraz danych Pa\u0144stwa dzieci nie b\u0119dzie podlega\u0142o\nzautomatyzowanemu podejmowaniu decyzji, w tym profilowaniu.<\/p>\n","protected":false},"excerpt":{"rendered":"<p>Szanowni Pa\u0144stwo, Z dniem 25 maja 2018 r. zacz\u0119\u0142y obowi\u0105zywa\u0107 przepisy Rozporz\u0105dzenia Parlamentu Europejskiego i Rady UE 2016\/679 z dnia 27 kwietnia 2016 r. w sprawie ochrony os\u00f3b fizycznych w <a href=\"http:\/\/zs.wolczyn.pl\/sp\/klauzula-informacyjna-rodo\/\" class=\"read-more\">Czytaj dalej &#8230;<\/a><\/p>\n","protected":false},"author":1,"featured_media":0,"comment_status":"closed","ping_status":"open","sticky":false,"template":"","format":"standard","meta":{"footnotes":""},"categories":[5],"tags":[],"class_list":["post-1175","post","type-post","status-publish","format-standard","hentry","category-documents"],"_links":{"self":[{"href":"http:\/\/zs.wolczyn.pl\/sp\/wp-json\/wp\/v2\/posts\/1175","targetHints":{"allow":["GET"]}}],"collection":[{"href":"http:\/\/zs.wolczyn.pl\/sp\/wp-json\/wp\/v2\/posts"}],"about":[{"href":"http:\/\/zs.wolczyn.pl\/sp\/wp-json\/wp\/v2\/types\/post"}],"author":[{"embeddable":true,"href":"http:\/\/zs.wolczyn.pl\/sp\/wp-json\/wp\/v2\/users\/1"}],"replies":[{"embeddable":true,"href":"http:\/\/zs.wolczyn.pl\/sp\/wp-json\/wp\/v2\/comments?post=1175"}],"version-history":[{"count":1,"href":"http:\/\/zs.wolczyn.pl\/sp\/wp-json\/wp\/v2\/posts\/1175\/revisions"}],"predecessor-version":[{"id":9780,"href":"http:\/\/zs.wolczyn.pl\/sp\/wp-json\/wp\/v2\/posts\/1175\/revisions\/9780"}],"wp:attachment":[{"href":"http:\/\/zs.wolczyn.pl\/sp\/wp-json\/wp\/v2\/media?parent=1175"}],"wp:term":[{"taxonomy":"category","embeddable":true,"href":"http:\/\/zs.wolczyn.pl\/sp\/wp-json\/wp\/v2\/categories?post=1175"},{"taxonomy":"post_tag","embeddable":true,"href":"http:\/\/zs.wolczyn.pl\/sp\/wp-json\/wp\/v2\/tags?post=1175"}],"curies":[{"name":"wp","href":"https:\/\/api.w.org\/{rel}","templated":true}]}}