{"id":1315,"date":"2020-01-13T13:09:32","date_gmt":"2020-01-13T13:09:32","guid":{"rendered":"http:\/\/zs.wolczyn.pl\/sp\/?p=1315"},"modified":"2020-01-13T13:09:35","modified_gmt":"2020-01-13T13:09:35","slug":"w-tajemniczym-ogrodzie","status":"publish","type":"post","link":"http:\/\/zs.wolczyn.pl\/sp\/w-tajemniczym-ogrodzie\/","title":{"rendered":"W tajemniczym ogrodzie"},"content":{"rendered":"<p style=\"text-align: justify;\">8 stycznia 2020 roku klasy V B i V C uda\u0142y si\u0119 na wycieczk\u0119 do Teatru im. Adama Mickiewicza w Cz\u0119stochowie na sztuk\u0119 pt. \u201eTajemniczy ogr\u00f3d\u201d w re\u017cyserii Cezarego Domaga\u0142y. Uwa\u017camy, \u017ce to niezwykle widowiskowy spektakl muzyczny. Opowie\u015b\u0107 Frances Hodgson Burnett&#8217;s&nbsp;przedstawia losy rozpieszczonej sieroty, Mary Lennox, kt\u00f3ra po \u015bmierci rodzic\u00f3w zamieszka\u0142a u bogatego, ale pe\u0142nego goryczy, zdziwacza\u0142ego wuja.&nbsp;Jego dom i ogr\u00f3d skrywa pewn\u0105 tajemnic\u0119\u2026 My dowiedzieli\u015bmy si\u0119, jak\u0105 \u2026 Ty si\u0119gnij po ksi\u0105\u017ck\u0119, bo naprawd\u0119 warto!<\/p>\n\n\n[ngg src=&#8221;galleries&#8221; ids=&#8221;17&#8243; display=&#8221;basic_thumbnail&#8221; thumbnail_crop=&#8221;0&#8243; number_of_columns=&#8221;3&#8243; show_slideshow_link=&#8221;1&#8243; slideshow_link_text=&#8221;Pokaz slajd\u00f3w&#8221;]\n","protected":false},"excerpt":{"rendered":"<p>8 stycznia 2020 roku klasy V B i V C uda\u0142y si\u0119 na wycieczk\u0119 do Teatru im. Adama Mickiewicza w Cz\u0119stochowie na sztuk\u0119 pt. \u201eTajemniczy ogr\u00f3d\u201d w re\u017cyserii Cezarego Domaga\u0142y. <a href=\"http:\/\/zs.wolczyn.pl\/sp\/w-tajemniczym-ogrodzie\/\" class=\"read-more\">Czytaj dalej &#8230;<\/a><\/p>\n","protected":false},"author":1,"featured_media":1325,"comment_status":"closed","ping_status":"closed","sticky":false,"template":"","format":"standard","meta":{"footnotes":""},"categories":[3],"tags":[19],"class_list":["post-1315","post","type-post","status-publish","format-standard","has-post-thumbnail","hentry","category-events","tag-teatr"],"_links":{"self":[{"href":"http:\/\/zs.wolczyn.pl\/sp\/wp-json\/wp\/v2\/posts\/1315","targetHints":{"allow":["GET"]}}],"collection":[{"href":"http:\/\/zs.wolczyn.pl\/sp\/wp-json\/wp\/v2\/posts"}],"about":[{"href":"http:\/\/zs.wolczyn.pl\/sp\/wp-json\/wp\/v2\/types\/post"}],"author":[{"embeddable":true,"href":"http:\/\/zs.wolczyn.pl\/sp\/wp-json\/wp\/v2\/users\/1"}],"replies":[{"embeddable":true,"href":"http:\/\/zs.wolczyn.pl\/sp\/wp-json\/wp\/v2\/comments?post=1315"}],"version-history":[{"count":0,"href":"http:\/\/zs.wolczyn.pl\/sp\/wp-json\/wp\/v2\/posts\/1315\/revisions"}],"wp:featuredmedia":[{"embeddable":true,"href":"http:\/\/zs.wolczyn.pl\/sp\/wp-json\/wp\/v2\/media\/1325"}],"wp:attachment":[{"href":"http:\/\/zs.wolczyn.pl\/sp\/wp-json\/wp\/v2\/media?parent=1315"}],"wp:term":[{"taxonomy":"category","embeddable":true,"href":"http:\/\/zs.wolczyn.pl\/sp\/wp-json\/wp\/v2\/categories?post=1315"},{"taxonomy":"post_tag","embeddable":true,"href":"http:\/\/zs.wolczyn.pl\/sp\/wp-json\/wp\/v2\/tags?post=1315"}],"curies":[{"name":"wp","href":"https:\/\/api.w.org\/{rel}","templated":true}]}}