{"id":1370,"date":"2020-01-30T14:32:11","date_gmt":"2020-01-30T14:32:11","guid":{"rendered":"http:\/\/zs.wolczyn.pl\/sp\/?p=1370"},"modified":"2020-02-03T07:08:22","modified_gmt":"2020-02-03T07:08:22","slug":"podsumowanie-projektu-wazne-wartosci-w-naszym-zyciu","status":"publish","type":"post","link":"http:\/\/zs.wolczyn.pl\/sp\/podsumowanie-projektu-wazne-wartosci-w-naszym-zyciu\/","title":{"rendered":"&#8222;Wa\u017cne warto\u015bci w naszym \u017cyciu&#8221;"},"content":{"rendered":"<p>16 stycznia 2020 r. klasy \u00f3sme szko\u0142y podstawowej, I, II liceum spotka\u0142y si\u0119, by podsumowa\u0107 zesz\u0142oroczn\u0105 realizacj\u0119 projektu &#8222;WA\u017bNE WARTO\u015aCI <br data-rich-text-line-break=\"true\">W NASZYM \u017bYCIU&#8221;, gdzie ka\u017cda klasa stara\u0142a si\u0119 zg\u0142\u0119bi\u0107 znaczenie wybranej warto\u015bci. Uczniowie zdobywali wiedz\u0119 i umiej\u0119tno\u015bci na godzinach wychowawczych, przygotowuj\u0105c wystawy, robi\u0105c prezentacje multimedialne,<!--more--> plakaty, wyst\u0119py dla rodzic\u00f3w, podejmuj\u0105c si\u0119 wolontariatu na rzecz zwierz\u0105t i os\u00f3b potrzebuj\u0105cych, uczestnicz\u0105c w wycieczkach, czy emisjach film\u00f3w z dyskusj\u0105.<br data-rich-text-line-break=\"true\">Podczas tegorocznego-styczniowego spotkania, dzi\u0119ki nagranym wywiadom z &#8222;przyjaci\u00f3\u0142mi&#8221; szko\u0142y &#8211; dyrektorem Miejskiej i Gminnej Biblioteki w Wo\u0142czynie p. M. Pie\u0144kowsk\u0105, p. J. Leszkiem Wi\u0105ckiem &#8211; Burmistrzem Wo\u0142czyna, p. J. Baldym &#8211; prezesem zarz\u0105du Banku Sp\u00f3\u0142dzielczego w Wo\u0142czynie, p. B. \u0141obos-Jastrz\u0119bsk\u0105 &#8211; nauczycielem j\u0119zyka niemieckiego, p. K. Kopackim &#8211; praktykantem i M. Zab\u0142ock\u0105 &#8211; uczennic\u0105 kl. 7a zosta\u0142o przybli\u017cone znaczenie warto\u015bci w \u017cyciu cz\u0142owieka. <br data-rich-text-line-break=\"true\">Uczniowie na zako\u0144czenie wzi\u0119li udzia\u0142 w grze dydaktycznej o warto\u015bciach, w kt\u00f3rej zwyci\u0119stwo przypad\u0142o kl. 2LO, II miejsce zdoby\u0142a kl. 8 e, a III miejsce kl. 1LO (3L), a tak\u017ce obejrzeli galerie plakat\u00f3w o warto\u015bciach. <br data-rich-text-line-break=\"true\">Dzi\u0119kujemy za wsp\u00f3ln\u0105 zabaw\u0119 i zach\u0119camy do obejrzenia filmiku dotycz\u0105cego jednej z warto\u015bci &#8211; UCZCIWO\u015aCI. <a href=\"https:\/\/youtu.be\/Kq7E9arwpDA\" target=\"_blank\" rel=\"noreferrer noopener\" aria-label=\"Kliknij tutaj aby obejrze\u0107. (otwiera si\u0119 na nowej zak\u0142adce)\">Kliknij tutaj aby obejrze\u0107.<\/a><\/p>\n\n\n[ngg src=&#8221;galleries&#8221; ids=&#8221;20&#8243; display=&#8221;basic_thumbnail&#8221; thumbnail_crop=&#8221;0&#8243; number_of_columns=&#8221;4&#8243; show_slideshow_link=&#8221;1&#8243; slideshow_link_text=&#8221;Pokaz slajd\u00f3w&#8221; display_view=&#8221;default&#8221; template=&#8221;\/var\/www\/vhosts\/41\/144271\/webspace\/siteapps\/WordPress-84872\/htdocs\/wp-content\/plugins\/nextgen-gallery\/products\/photocrati_nextgen\/modules\/ngglegacy\/view\/gallery.php&#8221;]\n","protected":false},"excerpt":{"rendered":"<p>16 stycznia 2020 r. klasy \u00f3sme szko\u0142y podstawowej, I, II liceum spotka\u0142y si\u0119, by podsumowa\u0107 zesz\u0142oroczn\u0105 realizacj\u0119 projektu &#8222;WA\u017bNE WARTO\u015aCI W NASZYM \u017bYCIU&#8221;, gdzie ka\u017cda klasa stara\u0142a si\u0119 zg\u0142\u0119bi\u0107 znaczenie <a href=\"http:\/\/zs.wolczyn.pl\/sp\/podsumowanie-projektu-wazne-wartosci-w-naszym-zyciu\/\" class=\"read-more\">Czytaj dalej &#8230;<\/a><\/p>\n","protected":false},"author":1,"featured_media":1406,"comment_status":"closed","ping_status":"closed","sticky":false,"template":"","format":"standard","meta":{"footnotes":""},"categories":[3],"tags":[],"class_list":["post-1370","post","type-post","status-publish","format-standard","has-post-thumbnail","hentry","category-events"],"_links":{"self":[{"href":"http:\/\/zs.wolczyn.pl\/sp\/wp-json\/wp\/v2\/posts\/1370","targetHints":{"allow":["GET"]}}],"collection":[{"href":"http:\/\/zs.wolczyn.pl\/sp\/wp-json\/wp\/v2\/posts"}],"about":[{"href":"http:\/\/zs.wolczyn.pl\/sp\/wp-json\/wp\/v2\/types\/post"}],"author":[{"embeddable":true,"href":"http:\/\/zs.wolczyn.pl\/sp\/wp-json\/wp\/v2\/users\/1"}],"replies":[{"embeddable":true,"href":"http:\/\/zs.wolczyn.pl\/sp\/wp-json\/wp\/v2\/comments?post=1370"}],"version-history":[{"count":0,"href":"http:\/\/zs.wolczyn.pl\/sp\/wp-json\/wp\/v2\/posts\/1370\/revisions"}],"wp:featuredmedia":[{"embeddable":true,"href":"http:\/\/zs.wolczyn.pl\/sp\/wp-json\/wp\/v2\/media\/1406"}],"wp:attachment":[{"href":"http:\/\/zs.wolczyn.pl\/sp\/wp-json\/wp\/v2\/media?parent=1370"}],"wp:term":[{"taxonomy":"category","embeddable":true,"href":"http:\/\/zs.wolczyn.pl\/sp\/wp-json\/wp\/v2\/categories?post=1370"},{"taxonomy":"post_tag","embeddable":true,"href":"http:\/\/zs.wolczyn.pl\/sp\/wp-json\/wp\/v2\/tags?post=1370"}],"curies":[{"name":"wp","href":"https:\/\/api.w.org\/{rel}","templated":true}]}}