{"id":1421,"date":"2020-02-06T09:22:59","date_gmt":"2020-02-06T09:22:59","guid":{"rendered":"http:\/\/zs.wolczyn.pl\/sp\/?p=1421"},"modified":"2020-02-06T09:23:09","modified_gmt":"2020-02-06T09:23:09","slug":"spotkanie-z-saperami","status":"publish","type":"post","link":"http:\/\/zs.wolczyn.pl\/sp\/spotkanie-z-saperami\/","title":{"rendered":"Spotkanie z saperami."},"content":{"rendered":"\n<p>29.01.br. po raz drugi go\u015bcili\u015bmy w\nnaszej szkole patrol saperski z I Pu\u0142ku Saper\u00f3w im. Tadeusza Ko\u015bciuszki w\nBrzegu. Spotkanie mia\u0142o charakter edukacyjno-profilaktyczny.<\/p>\n\n\n\n<p>Saperzy opowiadali o swojej pracy, o niebezpiecze\u0144stwie ,jakie stwarzaj\u0105 pozosta\u0142o\u015bci z czas\u00f3w II wojny \u015bwiatowej. Nasi go\u015bcie poinformowali m\u0142odzie\u017c, jak nale\u017cy si\u0119 zachowa\u0107, je\u017celi kto\u015b natrafi na takie przedmioty , czego nie robi\u0107, jak post\u0119powa\u0107, kogo zawiadomi\u0107. Uczniowie mogli r\u00f3wnie\u017c obejrze\u0107 prezentacj\u0119 multimedialn\u0105 opisuj\u0105c\u0105 prac\u0119 patrolu. Mo\u017cna te\u017c by\u0142o zobaczy\u0107&nbsp;i dotkn\u0105\u0107 eksponat\u00f3w oraz sprz\u0119tu, jakim pos\u0142uguj\u0105 si\u0119 w swojej pracy. Odwa\u017cni mieli mo\u017cliwo\u015b\u0107 za\u0142o\u017cy\u0107 , wa\u017c\u0105cy ok. 40 kg, kombinezon chroni\u0105cy sapera podczas akcji, he\u0142m, czy specjaln\u0105 kamizelk\u0119.<\/p>\n\n\n\n<p>Uczniom&nbsp; klas VII spotkanie dostarczy\u0142o wielu informacji na temat zawodu \u017co\u0142nierz-saper. <\/p>\n\n\n\n[ngg src=&#8221;galleries&#8221; ids=&#8221;21&#8243; display=&#8221;basic_thumbnail&#8221; thumbnail_crop=&#8221;0&#8243;]\n","protected":false},"excerpt":{"rendered":"<p>29.01.br. po raz drugi go\u015bcili\u015bmy w naszej szkole patrol saperski z I Pu\u0142ku Saper\u00f3w im. Tadeusza Ko\u015bciuszki w Brzegu. Spotkanie mia\u0142o charakter edukacyjno-profilaktyczny. Saperzy opowiadali o swojej pracy, o niebezpiecze\u0144stwie <a href=\"http:\/\/zs.wolczyn.pl\/sp\/spotkanie-z-saperami\/\" class=\"read-more\">Czytaj dalej &#8230;<\/a><\/p>\n","protected":false},"author":1,"featured_media":1422,"comment_status":"closed","ping_status":"open","sticky":false,"template":"","format":"standard","meta":{"footnotes":""},"categories":[3],"tags":[],"class_list":["post-1421","post","type-post","status-publish","format-standard","has-post-thumbnail","hentry","category-events"],"_links":{"self":[{"href":"http:\/\/zs.wolczyn.pl\/sp\/wp-json\/wp\/v2\/posts\/1421","targetHints":{"allow":["GET"]}}],"collection":[{"href":"http:\/\/zs.wolczyn.pl\/sp\/wp-json\/wp\/v2\/posts"}],"about":[{"href":"http:\/\/zs.wolczyn.pl\/sp\/wp-json\/wp\/v2\/types\/post"}],"author":[{"embeddable":true,"href":"http:\/\/zs.wolczyn.pl\/sp\/wp-json\/wp\/v2\/users\/1"}],"replies":[{"embeddable":true,"href":"http:\/\/zs.wolczyn.pl\/sp\/wp-json\/wp\/v2\/comments?post=1421"}],"version-history":[{"count":0,"href":"http:\/\/zs.wolczyn.pl\/sp\/wp-json\/wp\/v2\/posts\/1421\/revisions"}],"wp:featuredmedia":[{"embeddable":true,"href":"http:\/\/zs.wolczyn.pl\/sp\/wp-json\/wp\/v2\/media\/1422"}],"wp:attachment":[{"href":"http:\/\/zs.wolczyn.pl\/sp\/wp-json\/wp\/v2\/media?parent=1421"}],"wp:term":[{"taxonomy":"category","embeddable":true,"href":"http:\/\/zs.wolczyn.pl\/sp\/wp-json\/wp\/v2\/categories?post=1421"},{"taxonomy":"post_tag","embeddable":true,"href":"http:\/\/zs.wolczyn.pl\/sp\/wp-json\/wp\/v2\/tags?post=1421"}],"curies":[{"name":"wp","href":"https:\/\/api.w.org\/{rel}","templated":true}]}}