{"id":1461,"date":"2020-02-07T10:06:54","date_gmt":"2020-02-07T10:06:54","guid":{"rendered":"http:\/\/zs.wolczyn.pl\/sp\/?p=1461"},"modified":"2024-05-06T11:43:04","modified_gmt":"2024-05-06T11:43:04","slug":"pasowanie-na-swietlika","status":"publish","type":"post","link":"http:\/\/zs.wolczyn.pl\/sp\/pasowanie-na-swietlika\/","title":{"rendered":"Pasowanie na &#8222;\u015awietlika&#8221;"},"content":{"rendered":"<p style=\"text-align: justify;\">W dniu 3 lutego 2020 r. w naszej szkole mia\u0142o miejsce mi\u0142e wydarzenie. Uczniowie klas pierwszych, kt\u00f3rzy ucz\u0119szczaj\u0105 na zaj\u0119cia w \u015bwietlicy zostali oficjalnie pasowani przez Pani\u0105 wicedyrektor Barbar\u0119 B\u0142aszczykiewicz na &#8222;\u015awietlika&#8221;. Zanim otrzymali ten tytu\u0142 oraz pami\u0105tkowe tarcze, wykonywali r\u00f3\u017cne zadania aby potwierdzi\u0107, \u017ce zas\u0142uguj\u0105 na pasowanie. Wszyscy ch\u0119tnie rozwi\u0105zywali zagadki, wykonywali \u0107wiczenia i wsp\u00f3lnie ta\u0144czyli, doskonale przy tym si\u0119 bawi\u0105c. Ostatnim sprawdzianem by\u0142o zjedzenie cytryny z u\u015bmiechem na ustach :).<\/p>\n<p style=\"text-align: justify;\">Zapraszamy do obejrzenia&nbsp; kr\u00f3tkich filmik\u00f3w oraz galerii zdj\u0119\u0107.<\/p>\n<p style=\"text-align: right;\">El\u017cbieta G\u0142uszko-Potera\u0142owicz<\/p>\n<p style=\"text-align: right;\">Justyna Cha\u0142ubiec<\/p>\n<p>&nbsp;<\/p>\n<p><iframe loading=\"lazy\" src=\"https:\/\/www.youtube.com\/embed\/h5z70GmWgD8\" allowfullscreen=\"allowfullscreen\" width=\"100%\" height=\"315\" frameborder=\"0\"><\/iframe><\/p>\n<p>&nbsp;<\/p>\n<p><iframe loading=\"lazy\" src=\"https:\/\/www.youtube.com\/embed\/XgnM1bApNrk\" allowfullscreen=\"allowfullscreen\" width=\"100%\" height=\"315\" frameborder=\"0\"><\/iframe><\/p>\n[ngg src=&#8221;galleries&#8221; ids=&#8221;22&#8243; display=&#8221;basic_thumbnail&#8221; thumbnail_crop=&#8221;0&#8243; number_of_columns=&#8221;3&#8243; show_slideshow_link=&#8221;1&#8243; slideshow_link_text=&#8221;Pokaz slajd\u00f3w&#8221;]\n\n\n<p><\/p>\n","protected":false},"excerpt":{"rendered":"<p>W dniu 3 lutego 2020 r. w naszej szkole mia\u0142o miejsce mi\u0142e wydarzenie. Uczniowie klas pierwszych, kt\u00f3rzy ucz\u0119szczaj\u0105 na zaj\u0119cia w \u015bwietlicy zostali oficjalnie pasowani przez Pani\u0105 wicedyrektor Barbar\u0119 B\u0142aszczykiewicz <a href=\"http:\/\/zs.wolczyn.pl\/sp\/pasowanie-na-swietlika\/\" class=\"read-more\">Czytaj dalej &#8230;<\/a><\/p>\n","protected":false},"author":1,"featured_media":1462,"comment_status":"closed","ping_status":"open","sticky":false,"template":"","format":"standard","meta":{"footnotes":""},"categories":[34,3],"tags":[],"class_list":["post-1461","post","type-post","status-publish","format-standard","has-post-thumbnail","hentry","category-na-akt","category-events"],"_links":{"self":[{"href":"http:\/\/zs.wolczyn.pl\/sp\/wp-json\/wp\/v2\/posts\/1461","targetHints":{"allow":["GET"]}}],"collection":[{"href":"http:\/\/zs.wolczyn.pl\/sp\/wp-json\/wp\/v2\/posts"}],"about":[{"href":"http:\/\/zs.wolczyn.pl\/sp\/wp-json\/wp\/v2\/types\/post"}],"author":[{"embeddable":true,"href":"http:\/\/zs.wolczyn.pl\/sp\/wp-json\/wp\/v2\/users\/1"}],"replies":[{"embeddable":true,"href":"http:\/\/zs.wolczyn.pl\/sp\/wp-json\/wp\/v2\/comments?post=1461"}],"version-history":[{"count":0,"href":"http:\/\/zs.wolczyn.pl\/sp\/wp-json\/wp\/v2\/posts\/1461\/revisions"}],"wp:featuredmedia":[{"embeddable":true,"href":"http:\/\/zs.wolczyn.pl\/sp\/wp-json\/wp\/v2\/media\/1462"}],"wp:attachment":[{"href":"http:\/\/zs.wolczyn.pl\/sp\/wp-json\/wp\/v2\/media?parent=1461"}],"wp:term":[{"taxonomy":"category","embeddable":true,"href":"http:\/\/zs.wolczyn.pl\/sp\/wp-json\/wp\/v2\/categories?post=1461"},{"taxonomy":"post_tag","embeddable":true,"href":"http:\/\/zs.wolczyn.pl\/sp\/wp-json\/wp\/v2\/tags?post=1461"}],"curies":[{"name":"wp","href":"https:\/\/api.w.org\/{rel}","templated":true}]}}