{"id":1517,"date":"2020-02-12T07:02:05","date_gmt":"2020-02-12T07:02:05","guid":{"rendered":"http:\/\/zs.wolczyn.pl\/sp\/?p=1517"},"modified":"2020-02-20T09:13:47","modified_gmt":"2020-02-20T09:13:47","slug":"25-wojewodzki-turniej-recytatorski-o-bulawe-hetmanska","status":"publish","type":"post","link":"http:\/\/zs.wolczyn.pl\/sp\/25-wojewodzki-turniej-recytatorski-o-bulawe-hetmanska\/","title":{"rendered":"25 Wojew\u00f3dzki Turniej Recytatorski &#8222;O Bu\u0142aw\u0119 Hetma\u0144sk\u0105&#8221;"},"content":{"rendered":"<p>6 lutego 2020 r. w Byczynie odby\u0142 si\u0119 jubileuszowy XXV Wojew\u00f3dzki Turniej Recytatorski o Bu\u0142aw\u0119 Hetma\u0144sk\u0105. Nasz\u0105 szko\u0142\u0119 reprezentowali uczniowie z kl. VII, VIII, I i II LO. <!--more-->Do wyst\u0119p\u00f3w przygotowywa\u0142y ich nauczycielki j\u0119zyka polskiego Agnieszka Gizler, Anna Napieraj i Iwona Baldy. Nasi uczniowie odnie\u015bli wielki sukces: w kategorii klas VII &#8211; VIII szk\u00f3\u0142 podstawowych II miejsce zaj\u0119\u0142a Wiktoria Krzywoszyja, a w kategorii uczni\u00f3w szk\u00f3\u0142 ponadpodstawowych i ponadgimnazjalnych I miejsce &#8211; Dawid Tyszkowski.<\/p>\n\n\n[ngg src=&#8221;galleries&#8221; ids=&#8221;27&#8243; display=&#8221;basic_thumbnail&#8221; thumbnail_crop=&#8221;0&#8243;]\n\n\n\n<p>Gratulujemy zwyci\u0119zcom!<\/p>\n","protected":false},"excerpt":{"rendered":"<p>6 lutego 2020 r. w Byczynie odby\u0142 si\u0119 jubileuszowy XXV Wojew\u00f3dzki Turniej Recytatorski o Bu\u0142aw\u0119 Hetma\u0144sk\u0105. Nasz\u0105 szko\u0142\u0119 reprezentowali uczniowie z kl. VII, VIII, I i II LO.<\/p>\n","protected":false},"author":1,"featured_media":1544,"comment_status":"closed","ping_status":"closed","sticky":false,"template":"","format":"standard","meta":{"footnotes":""},"categories":[3],"tags":[],"class_list":["post-1517","post","type-post","status-publish","format-standard","has-post-thumbnail","hentry","category-events"],"_links":{"self":[{"href":"http:\/\/zs.wolczyn.pl\/sp\/wp-json\/wp\/v2\/posts\/1517","targetHints":{"allow":["GET"]}}],"collection":[{"href":"http:\/\/zs.wolczyn.pl\/sp\/wp-json\/wp\/v2\/posts"}],"about":[{"href":"http:\/\/zs.wolczyn.pl\/sp\/wp-json\/wp\/v2\/types\/post"}],"author":[{"embeddable":true,"href":"http:\/\/zs.wolczyn.pl\/sp\/wp-json\/wp\/v2\/users\/1"}],"replies":[{"embeddable":true,"href":"http:\/\/zs.wolczyn.pl\/sp\/wp-json\/wp\/v2\/comments?post=1517"}],"version-history":[{"count":0,"href":"http:\/\/zs.wolczyn.pl\/sp\/wp-json\/wp\/v2\/posts\/1517\/revisions"}],"wp:featuredmedia":[{"embeddable":true,"href":"http:\/\/zs.wolczyn.pl\/sp\/wp-json\/wp\/v2\/media\/1544"}],"wp:attachment":[{"href":"http:\/\/zs.wolczyn.pl\/sp\/wp-json\/wp\/v2\/media?parent=1517"}],"wp:term":[{"taxonomy":"category","embeddable":true,"href":"http:\/\/zs.wolczyn.pl\/sp\/wp-json\/wp\/v2\/categories?post=1517"},{"taxonomy":"post_tag","embeddable":true,"href":"http:\/\/zs.wolczyn.pl\/sp\/wp-json\/wp\/v2\/tags?post=1517"}],"curies":[{"name":"wp","href":"https:\/\/api.w.org\/{rel}","templated":true}]}}