{"id":1555,"date":"2020-02-25T09:21:20","date_gmt":"2020-02-25T09:21:20","guid":{"rendered":"http:\/\/zs.wolczyn.pl\/sp\/?p=1555"},"modified":"2020-02-25T09:27:51","modified_gmt":"2020-02-25T09:27:51","slug":"pasowanie-na-czytelnika-biblioteki-szkolnej","status":"publish","type":"post","link":"http:\/\/zs.wolczyn.pl\/sp\/pasowanie-na-czytelnika-biblioteki-szkolnej\/","title":{"rendered":"Pasowanie na Czytelnika biblioteki szkolnej"},"content":{"rendered":"<p style=\"text-justify: left;\">8 lutego br uczniowie klasy 1A, 1B,1C w spos\u00f3b uroczysty zostali przyj\u0119ci w poczet czytelnik\u00f3w biblioteki szkolnej. Starsi koledzy z klasy VB przygotowali dla nich przedstawienie teatralne.<\/p>\n<p style=\"text-align: justify;\">M\u0142odsi koledzy i kole\u017canki odbyli podr\u00f3\u017c poci\u0105giem do biblioteki szkolnej. <!--more-->Podczas podr\u00f3\u017cy spotkali bohater\u00f3w znanych bajek, a wi\u0119c Kota w Butach, Kopciuszka, Czerwonego Kapturka, Bab\u0119 Jag\u0119, \u015api\u0105c\u0105 Kr\u00f3lewn\u0119. W bibliotece czeka\u0142a na nich Wr\u00f3\u017cka, Kr\u00f3lowa Ksi\u0105\u017cka oraz Pani Nauczycielka. To ona wprowadzi\u0142a dzieci w \u015bwiat ksi\u0105\u017cki. Opowiedzia\u0142a histori\u0119 ksi\u0105\u017cki, kt\u00f3ra osobi\u015bcie prosi\u0142a dzieci o to aby j\u0105 czyta\u0107 i szanowa\u0107. Aby mog\u0142a by\u0107 przyjacielem na ca\u0142e \u017cycie. Nast\u0119pnie uczniowie uroczy\u015bcie z\u0142o\u017cyli \u015blubowanie na r\u0119ce Pani Dyrektor. Nast\u0105pi\u0142y pierwsze wypo\u017cyczenia.<\/p>\n\n\n[ngg src=&#8221;galleries&#8221; ids=&#8221;28&#8243; display=&#8221;basic_thumbnail&#8221; thumbnail_crop=&#8221;0&#8243; number_of_columns=&#8221;4&#8243; show_slideshow_link=&#8221;1&#8243; slideshow_link_text=&#8221;Pokaz slajd\u00f3w&#8221;]\n","protected":false},"excerpt":{"rendered":"<p>8 lutego br uczniowie klasy 1A, 1B,1C w spos\u00f3b uroczysty zostali przyj\u0119ci w poczet czytelnik\u00f3w biblioteki szkolnej. Starsi koledzy z klasy VB przygotowali dla nich przedstawienie teatralne. M\u0142odsi koledzy i <a href=\"http:\/\/zs.wolczyn.pl\/sp\/pasowanie-na-czytelnika-biblioteki-szkolnej\/\" class=\"read-more\">Czytaj dalej &#8230;<\/a><\/p>\n","protected":false},"author":1,"featured_media":1578,"comment_status":"closed","ping_status":"open","sticky":false,"template":"","format":"standard","meta":{"footnotes":""},"categories":[3],"tags":[],"class_list":["post-1555","post","type-post","status-publish","format-standard","has-post-thumbnail","hentry","category-events"],"_links":{"self":[{"href":"http:\/\/zs.wolczyn.pl\/sp\/wp-json\/wp\/v2\/posts\/1555","targetHints":{"allow":["GET"]}}],"collection":[{"href":"http:\/\/zs.wolczyn.pl\/sp\/wp-json\/wp\/v2\/posts"}],"about":[{"href":"http:\/\/zs.wolczyn.pl\/sp\/wp-json\/wp\/v2\/types\/post"}],"author":[{"embeddable":true,"href":"http:\/\/zs.wolczyn.pl\/sp\/wp-json\/wp\/v2\/users\/1"}],"replies":[{"embeddable":true,"href":"http:\/\/zs.wolczyn.pl\/sp\/wp-json\/wp\/v2\/comments?post=1555"}],"version-history":[{"count":0,"href":"http:\/\/zs.wolczyn.pl\/sp\/wp-json\/wp\/v2\/posts\/1555\/revisions"}],"wp:featuredmedia":[{"embeddable":true,"href":"http:\/\/zs.wolczyn.pl\/sp\/wp-json\/wp\/v2\/media\/1578"}],"wp:attachment":[{"href":"http:\/\/zs.wolczyn.pl\/sp\/wp-json\/wp\/v2\/media?parent=1555"}],"wp:term":[{"taxonomy":"category","embeddable":true,"href":"http:\/\/zs.wolczyn.pl\/sp\/wp-json\/wp\/v2\/categories?post=1555"},{"taxonomy":"post_tag","embeddable":true,"href":"http:\/\/zs.wolczyn.pl\/sp\/wp-json\/wp\/v2\/tags?post=1555"}],"curies":[{"name":"wp","href":"https:\/\/api.w.org\/{rel}","templated":true}]}}