{"id":1582,"date":"2020-02-28T12:34:10","date_gmt":"2020-02-28T12:34:10","guid":{"rendered":"http:\/\/zs.wolczyn.pl\/sp\/?p=1582"},"modified":"2020-03-02T13:59:56","modified_gmt":"2020-03-02T13:59:56","slug":"wielokropkowe-spiewanie","status":"publish","type":"post","link":"http:\/\/zs.wolczyn.pl\/sp\/wielokropkowe-spiewanie\/","title":{"rendered":"&#8222;Wielokropkowe&#8221; \u015bpiewanie"},"content":{"rendered":"<p>W dniu 24-25.02.2020 roku w Opolu odby\u0142 si\u0119 XIV Wojew\u00f3dzki Festiwal Piosenki Obcoj\u0119zycznej &#8222;\u015apiewajmy Razem&#8221;.Organizatorem tego festiwalu by\u0142a Publiczna Szko\u0142a nr 5 z Oddzia\u0142ami Integracyjnymi oraz Miejski O\u015brodek Doskonalenia Nauczycieli w Opolu. <!--more-->Po raz pi\u0105ty wzi\u0119\u0142a w nim udzia\u0142 solistka Zespo\u0142u Artystycznego &#8222;Wielokropek&#8221;dzia\u0142aj\u0105cego przy Zespole Szk\u00f3\u0142 w Wo\u0142czynie: EMILIA GRZE\u015aKOWICZ. M\u0142oda wokalistka zespo\u0142u &#8222;Wielokropek&#8221;z powodzeniem wystartowa\u0142a w festiwalu, przywo\u017c\u0105c z Opola II miejsce. Dla solistki by\u0142a to okazja nie tylko do pokazania swojego talentu i umiej\u0119tno\u015bci j\u0119zykowych &#8211; przyznaje prowadz\u0105ca Zesp\u00f3\u0142 Artystyczny &#8222;Wielokropek&#8221; &#8211; Maria Tymczyszyn. Wokalistka by\u0142a bardzo dobrze przygotowana, doskonale zaprezentowa\u0142a si\u0119 na festiwalowej scenie a s\u0142uchaczom zapewni\u0142a niezapomniane wra\u017cenia.<\/p>\n\n\n<figure class=\"wp-block-image size-large\"><img loading=\"lazy\" decoding=\"async\" width=\"960\" height=\"720\" src=\"http:\/\/zs.wolczyn.pl\/sp\/wp-content\/uploads\/2020\/02\/emilka.jpg\" alt=\"\" class=\"wp-image-1583\" srcset=\"http:\/\/zs.wolczyn.pl\/sp\/wp-content\/uploads\/2020\/02\/emilka.jpg 960w, http:\/\/zs.wolczyn.pl\/sp\/wp-content\/uploads\/2020\/02\/emilka-300x225.jpg 300w, http:\/\/zs.wolczyn.pl\/sp\/wp-content\/uploads\/2020\/02\/emilka-768x576.jpg 768w\" sizes=\"auto, (max-width: 960px) 100vw, 960px\" \/><\/figure>\n","protected":false},"excerpt":{"rendered":"<p>W dniu 24-25.02.2020 roku w Opolu odby\u0142 si\u0119 XIV Wojew\u00f3dzki Festiwal Piosenki Obcoj\u0119zycznej &#8222;\u015apiewajmy Razem&#8221;.Organizatorem tego festiwalu by\u0142a Publiczna Szko\u0142a nr 5 z Oddzia\u0142ami Integracyjnymi oraz Miejski O\u015brodek Doskonalenia Nauczycieli <a href=\"http:\/\/zs.wolczyn.pl\/sp\/wielokropkowe-spiewanie\/\" class=\"read-more\">Czytaj dalej &#8230;<\/a><\/p>\n","protected":false},"author":1,"featured_media":1583,"comment_status":"closed","ping_status":"closed","sticky":false,"template":"","format":"standard","meta":{"footnotes":""},"categories":[3],"tags":[],"class_list":["post-1582","post","type-post","status-publish","format-standard","has-post-thumbnail","hentry","category-events"],"_links":{"self":[{"href":"http:\/\/zs.wolczyn.pl\/sp\/wp-json\/wp\/v2\/posts\/1582","targetHints":{"allow":["GET"]}}],"collection":[{"href":"http:\/\/zs.wolczyn.pl\/sp\/wp-json\/wp\/v2\/posts"}],"about":[{"href":"http:\/\/zs.wolczyn.pl\/sp\/wp-json\/wp\/v2\/types\/post"}],"author":[{"embeddable":true,"href":"http:\/\/zs.wolczyn.pl\/sp\/wp-json\/wp\/v2\/users\/1"}],"replies":[{"embeddable":true,"href":"http:\/\/zs.wolczyn.pl\/sp\/wp-json\/wp\/v2\/comments?post=1582"}],"version-history":[{"count":0,"href":"http:\/\/zs.wolczyn.pl\/sp\/wp-json\/wp\/v2\/posts\/1582\/revisions"}],"wp:featuredmedia":[{"embeddable":true,"href":"http:\/\/zs.wolczyn.pl\/sp\/wp-json\/wp\/v2\/media\/1583"}],"wp:attachment":[{"href":"http:\/\/zs.wolczyn.pl\/sp\/wp-json\/wp\/v2\/media?parent=1582"}],"wp:term":[{"taxonomy":"category","embeddable":true,"href":"http:\/\/zs.wolczyn.pl\/sp\/wp-json\/wp\/v2\/categories?post=1582"},{"taxonomy":"post_tag","embeddable":true,"href":"http:\/\/zs.wolczyn.pl\/sp\/wp-json\/wp\/v2\/tags?post=1582"}],"curies":[{"name":"wp","href":"https:\/\/api.w.org\/{rel}","templated":true}]}}