{"id":1627,"date":"2020-03-27T13:42:59","date_gmt":"2020-03-27T13:42:59","guid":{"rendered":"http:\/\/zs.wolczyn.pl\/sp\/?p=1627"},"modified":"2020-03-27T13:49:11","modified_gmt":"2020-03-27T13:49:11","slug":"komunikat-w-sprawie-probnego-egzaminu-osmoklasisty","status":"publish","type":"post","link":"http:\/\/zs.wolczyn.pl\/sp\/komunikat-w-sprawie-probnego-egzaminu-osmoklasisty\/","title":{"rendered":"KOMUNIKAT"},"content":{"rendered":"\n<h4 class=\"has-text-align-center wp-block-heading\">W SPRAWIE PR\u00d3BNEGO EGZAMINU \u00d3SMOKLASISTY.<\/h4>\n\n\n\n<h4 class=\"wp-block-heading\">Szanowni Rodzice,\nDrodzy Uczniowie!<\/h4>\n\n\n\n<p><strong>Centralna Komisja\nEgzaminacyjna oraz Okr\u0119gowa Komisja Egzaminacyjna przygotowa\u0142y materia\u0142y do\nprzeprowadzenia pr\u00f3bnego egzaminu \u00f3smoklasisty z&nbsp;j\u0119zyka polskiego,\nmatematyki oraz j\u0119zyk\u00f3w obcych nowo\u017cytnych &#8211; angielskiego, niemieckiego, kt\u00f3ry\nodb\u0119dzie si\u0119 od 30 marca do 1 kwietnia br. <\/strong><\/p>\n\n\n\n<p>Materia\u0142y obejm\u0105 zar\u00f3wno arkusze w wersji standardowej, jak i te dostosowane do potrzeb uczni\u00f3w z&nbsp;niepe\u0142nosprawno\u015bciami. Wszystkie materia\u0142y, w tym nagrania w&nbsp;formacie mp3 do zada\u0144 na rozumienie ze s\u0142uchu w&nbsp;arkuszach z j\u0119zyk\u00f3w obcych nowo\u017cytnych, zostan\u0105 zamieszczone na stronie internetowej Centralnej Komisji Egzaminacyjnej (<a href=\"http:\/\/www.cke.gov.pl\">www.cke.gov.pl<\/a>) oraz na stronie OKE we Wroc\u0142awiu (<a href=\"http:\/\/www.oke.wroc.pl\">www.oke.wroc.pl<\/a>) w nast\u0119puj\u0105cych terminach:<\/p>\n\n\n\n<ul class=\"wp-block-list\"><li>30 marca br. (poniedzia\u0142ek), ok. godz. 9:00 \u2013 j\u0119zyk polski;<\/li><li>31 marca br. (wtorek), ok. godz. 9:00 \u2013 matematyka;<\/li><li>1 kwietnia br. (\u015broda), ok. godz. 9:00 \u2013 j\u0119zyki obce nowo\u017cytne<\/li><\/ul>\n\n\n\n<p>&nbsp;Wskazane jest, aby uczniowie \u2013 po pobraniu\nmateria\u0142\u00f3w ze strony CKE lub OKE we Wroc\u0142awiu\u2013 rozwi\u0105zali zadania w domu w\ntakim czasie, jaki jest przeznaczony na wykonanie zada\u0144 na egzaminie (j.&nbsp;polski\n\u2013 120 minut, matematyka \u2013 100 minut, j. nowo\u017cytne \u2013 90 minut), zapisuj\u0105c swoje\nrozwi\u0105zania w&nbsp;dowolnej, czytelnej formie. Om\u00f3wienie wynik\u00f3w odb\u0119dzie si\u0119 na\nzasadach ustalonych z nauczycielem przedmiotu egzaminacyjnego.<\/p>\n\n\n\n<p>Je\u017celi dany ucze\u0144 nie ma w domu dost\u0119pu do Internetu mo\u017ce zg\u0142osi\u0107 si\u0119\ndo szko\u0142y, w terminach przeprowadzania egzaminu pr\u00f3bnego, po arkusz\nw&nbsp;formie wydruku.<\/p>\n\n\n\n<p>Szczeg\u00f3\u0142owe informacje\no egzaminie \u00f3smoklasisty dost\u0119pne s\u0105 na stronach internetowych CKE (<a href=\"http:\/\/www.cke.gov.pl\">www.cke.gov.pl<\/a>)\noraz okr\u0119gowych komisji egzaminacyjnych. <\/p>\n\n\n\n<p>Uczniowie, ich rodzice\noraz nauczyciele mog\u0105 z tych stron nieodp\u0142atnie pobra\u0107:<\/p>\n\n\n\n<ul class=\"wp-block-list\"><li><a href=\"https:\/\/cke.gov.pl\/%20egzamin-osmoklasisty\/informatory\/\">informatory<\/a> o egzaminie\n\u00f3smoklasisty z poszczeg\u00f3lnych przedmiot\u00f3w<\/li><li><a href=\"https:\/\/cke.gov.pl\/%20egzamin-osmoklasisty\/arkusze\/arkusze-pokazowe-grudzien-2017\">przyk\u0142adowe\narkusze egzaminacyjne<\/a> z poszczeg\u00f3lnych przedmiot\u00f3w<\/li><li><a href=\"https:\/\/cke.gov.pl\/egzamin-osmoklasisty\/arkusze\/arkusze-pokazowe-grudzien-2018\/\">arkusze<\/a> pierwszego\npr\u00f3bnego egzaminu \u00f3smoklasisty<\/li><li><a href=\"https:\/\/cke.gov.pl\/egzamin-osmoklasisty\/arkusze\/2019-2\">arkusze<\/a> egzaminu \u00f3smoklasisty przeprowadzonego w 2019\nr.<\/li><li><a href=\"https:\/\/www.cke.gov.pl\/egzamin-osmoklasisty\/materialy-dodatkowe\/zestawy-zadan-powtorkowych\/\">osiem\nzestaw\u00f3w zada\u0144<\/a>, zawieraj\u0105cych wskaz\u00f3wki oraz szczeg\u00f3\u0142owe wyja\u015bnienia\nrozwi\u0105za\u0144 zada\u0144 i przyk\u0142adowe realizacje odpowiedzi w zadaniach otwartych<\/li><li><a href=\"https:\/\/cke.gov.pl\/egzamin-osmoklasisty\/materialy-dodatkowe\/\">filmy<\/a> o egzaminie\n\u00f3smoklasisty z poszczeg\u00f3lnych przedmiot\u00f3w<\/li><\/ul>\n\n\n\n<p>Z powa\u017caniem <\/p>\n\n\n\n<p>Dyrektor Zespo\u0142u Szk\u00f3\u0142  <br>Ewa W\u0142os<\/p>\n","protected":false},"excerpt":{"rendered":"<p>W SPRAWIE PR\u00d3BNEGO EGZAMINU \u00d3SMOKLASISTY. Szanowni Rodzice, Drodzy Uczniowie! Centralna Komisja Egzaminacyjna oraz Okr\u0119gowa Komisja Egzaminacyjna przygotowa\u0142y materia\u0142y do przeprowadzenia pr\u00f3bnego egzaminu \u00f3smoklasisty z&nbsp;j\u0119zyka polskiego, matematyki oraz j\u0119zyk\u00f3w obcych nowo\u017cytnych <a href=\"http:\/\/zs.wolczyn.pl\/sp\/komunikat-w-sprawie-probnego-egzaminu-osmoklasisty\/\" class=\"read-more\">Czytaj dalej &#8230;<\/a><\/p>\n","protected":false},"author":1,"featured_media":530,"comment_status":"closed","ping_status":"open","sticky":false,"template":"","format":"standard","meta":{"footnotes":""},"categories":[5,3],"tags":[],"class_list":["post-1627","post","type-post","status-publish","format-standard","has-post-thumbnail","hentry","category-documents","category-events"],"_links":{"self":[{"href":"http:\/\/zs.wolczyn.pl\/sp\/wp-json\/wp\/v2\/posts\/1627","targetHints":{"allow":["GET"]}}],"collection":[{"href":"http:\/\/zs.wolczyn.pl\/sp\/wp-json\/wp\/v2\/posts"}],"about":[{"href":"http:\/\/zs.wolczyn.pl\/sp\/wp-json\/wp\/v2\/types\/post"}],"author":[{"embeddable":true,"href":"http:\/\/zs.wolczyn.pl\/sp\/wp-json\/wp\/v2\/users\/1"}],"replies":[{"embeddable":true,"href":"http:\/\/zs.wolczyn.pl\/sp\/wp-json\/wp\/v2\/comments?post=1627"}],"version-history":[{"count":0,"href":"http:\/\/zs.wolczyn.pl\/sp\/wp-json\/wp\/v2\/posts\/1627\/revisions"}],"wp:featuredmedia":[{"embeddable":true,"href":"http:\/\/zs.wolczyn.pl\/sp\/wp-json\/wp\/v2\/media\/530"}],"wp:attachment":[{"href":"http:\/\/zs.wolczyn.pl\/sp\/wp-json\/wp\/v2\/media?parent=1627"}],"wp:term":[{"taxonomy":"category","embeddable":true,"href":"http:\/\/zs.wolczyn.pl\/sp\/wp-json\/wp\/v2\/categories?post=1627"},{"taxonomy":"post_tag","embeddable":true,"href":"http:\/\/zs.wolczyn.pl\/sp\/wp-json\/wp\/v2\/tags?post=1627"}],"curies":[{"name":"wp","href":"https:\/\/api.w.org\/{rel}","templated":true}]}}