{"id":1679,"date":"2020-04-23T07:30:53","date_gmt":"2020-04-23T07:30:53","guid":{"rendered":"http:\/\/zs.wolczyn.pl\/sp\/?p=1679"},"modified":"2020-04-23T07:34:39","modified_gmt":"2020-04-23T07:34:39","slug":"22-kwietnia-dzien-ziemi","status":"publish","type":"post","link":"http:\/\/zs.wolczyn.pl\/sp\/22-kwietnia-dzien-ziemi\/","title":{"rendered":"22 kwietnia &#8211; Dzie\u0144 Ziemi"},"content":{"rendered":"<p style=\"text-align: justify;\">22 kwietnia Dzie\u0144 Ziemi to najwi\u0119ksze ekologiczne \u015bwi\u0119to \u015bwiata. W takim dniu u\u015bwiadamiamy sobie, \u017ce nasza planeta potrzebuje ochrony i opieki. Uczniowie klasy I \u201ec\u201d pami\u0119taj\u0105 o tym, \u017ce wszyscy jeste\u015bmy odpowiedzialni za kondycj\u0119 naszej planety, gdy\u017c jest ona wsp\u00f3lnym domem dla ro\u015blin, zwierz\u0105t i ludzi.<\/p>\n<p style=\"text-align: justify;\">Zach\u0119camy do obejrzenia prac naszych uczni\u00f3w.<\/p>\n\n\n[ngg src=&#8221;galleries&#8221; ids=&#8221;29&#8243; display=&#8221;basic_slideshow&#8221; arrows=&#8221;1&#8243; show_thumbnail_link=&#8221;1&#8243; thumbnail_link_text=&#8221;Zobacz wszystkie&#8221;]\n","protected":false},"excerpt":{"rendered":"<p>22 kwietnia Dzie\u0144 Ziemi to najwi\u0119ksze ekologiczne \u015bwi\u0119to \u015bwiata. W takim dniu u\u015bwiadamiamy sobie, \u017ce nasza planeta potrzebuje ochrony i opieki. Uczniowie klasy I \u201ec\u201d pami\u0119taj\u0105 o tym, \u017ce wszyscy <a href=\"http:\/\/zs.wolczyn.pl\/sp\/22-kwietnia-dzien-ziemi\/\" class=\"read-more\">Czytaj dalej &#8230;<\/a><\/p>\n","protected":false},"author":1,"featured_media":1694,"comment_status":"closed","ping_status":"closed","sticky":false,"template":"","format":"standard","meta":{"footnotes":""},"categories":[3],"tags":[],"class_list":["post-1679","post","type-post","status-publish","format-standard","has-post-thumbnail","hentry","category-events"],"_links":{"self":[{"href":"http:\/\/zs.wolczyn.pl\/sp\/wp-json\/wp\/v2\/posts\/1679","targetHints":{"allow":["GET"]}}],"collection":[{"href":"http:\/\/zs.wolczyn.pl\/sp\/wp-json\/wp\/v2\/posts"}],"about":[{"href":"http:\/\/zs.wolczyn.pl\/sp\/wp-json\/wp\/v2\/types\/post"}],"author":[{"embeddable":true,"href":"http:\/\/zs.wolczyn.pl\/sp\/wp-json\/wp\/v2\/users\/1"}],"replies":[{"embeddable":true,"href":"http:\/\/zs.wolczyn.pl\/sp\/wp-json\/wp\/v2\/comments?post=1679"}],"version-history":[{"count":0,"href":"http:\/\/zs.wolczyn.pl\/sp\/wp-json\/wp\/v2\/posts\/1679\/revisions"}],"wp:featuredmedia":[{"embeddable":true,"href":"http:\/\/zs.wolczyn.pl\/sp\/wp-json\/wp\/v2\/media\/1694"}],"wp:attachment":[{"href":"http:\/\/zs.wolczyn.pl\/sp\/wp-json\/wp\/v2\/media?parent=1679"}],"wp:term":[{"taxonomy":"category","embeddable":true,"href":"http:\/\/zs.wolczyn.pl\/sp\/wp-json\/wp\/v2\/categories?post=1679"},{"taxonomy":"post_tag","embeddable":true,"href":"http:\/\/zs.wolczyn.pl\/sp\/wp-json\/wp\/v2\/tags?post=1679"}],"curies":[{"name":"wp","href":"https:\/\/api.w.org\/{rel}","templated":true}]}}