{"id":1704,"date":"2020-05-17T11:33:26","date_gmt":"2020-05-17T11:33:26","guid":{"rendered":"http:\/\/zs.wolczyn.pl\/sp\/?p=1704"},"modified":"2024-10-15T11:23:28","modified_gmt":"2024-10-15T11:23:28","slug":"jan-pawel-ii-100-rocznica-urodzin","status":"publish","type":"post","link":"http:\/\/zs.wolczyn.pl\/sp\/jan-pawel-ii-100-rocznica-urodzin\/","title":{"rendered":"Jan Pawe\u0142 II &#8211; 100 rocznica urodzin"},"content":{"rendered":"\n<p class=\"has-text-align-center\"><strong>Drodzy Uczniowie! Szanowni Pa\u0144stwo!<\/strong><\/p>\n\n\n\n<p>Z okazji przypadaj\u0105cej 18 maja 2020 roku setnej rocznicy urodzin Karola Wojty\u0142y, p\u00f3\u017aniejszego papie\u017ca Jana Paw\u0142a II-Patrona naszej szko\u0142y, zach\u0119camy serdecznie do ogl\u0105dni\u0119cia wystawy pt. &#8222;Karol Wojty\u0142a. Narodziny&#8221; przygotowanej przez Centrum My\u015bli Jana Paw\u0142a II, kt\u00f3r\u0105 zamie\u015bcimy w kolejnym artykule. <\/p>\n\n\n\n<p><\/p>\n\n\n\n<p>W obliczu panuj\u0105cej w naszym kraju pandemii i braku mo\u017cliwo\u015bci zorganizowania uroczysto\u015bci w szkole, chocia\u017c w ten spos\u00f3b chcemy przypomnie\u0107 posta\u0107, kt\u00f3ra wp\u0142yn\u0119\u0142a na bieg historii, pokaza\u0107 korzenie Jana Paw\u0142a II oraz bogactwo jego \u017cycia, osobowo\u015bci i my\u015blenia.<\/p>\n\n\n\n<p>Wystawa \u201eKarol Wojty\u0142a. Narodziny\u201d zabiera w podr\u00f3\u017c po prze\u0142omowych momentach \u017cycia papie\u017ca Jana Paw\u0142a II. Widz uczestniczy w narodzinach ma\u0142ego Lolka; poznaje doros\u0142ego Karola z czasu studi\u00f3w, okupacji i pracy fizycznej w zak\u0142adach Solvay; z bliska obserwuje powo\u0142anie kap\u0142a\u0144skie, biskupstwo i obchody Milenium Chrztu Polski; wybiera si\u0119 z biskupem Wojty\u0142\u0105 na wyprawy kajakowe z m\u0142odzie\u017c\u0105. \u015aledz\u0105c kolejne segmenty wystawy, wita nowego papie\u017ca na balkonie Bazyliki \u015bw. Piotra, przygl\u0105da si\u0119 jego dzia\u0142alno\u015bci w czasie pontyfikatu, w ko\u0144cu towarzyszy mu w chorobie i ostatnich chwilach.<\/p>\n\n\n\n<figure class=\"wp-block-image size-large\"><img loading=\"lazy\" decoding=\"async\" width=\"717\" height=\"1024\" src=\"http:\/\/zs.wolczyn.pl\/sp\/wp-content\/uploads\/2020\/05\/PlanszeB1-717x1024.jpg\" alt=\"\" class=\"wp-image-1705\" srcset=\"http:\/\/zs.wolczyn.pl\/sp\/wp-content\/uploads\/2020\/05\/PlanszeB1-717x1024.jpg 717w, http:\/\/zs.wolczyn.pl\/sp\/wp-content\/uploads\/2020\/05\/PlanszeB1-210x300.jpg 210w, http:\/\/zs.wolczyn.pl\/sp\/wp-content\/uploads\/2020\/05\/PlanszeB1-768x1097.jpg 768w, http:\/\/zs.wolczyn.pl\/sp\/wp-content\/uploads\/2020\/05\/PlanszeB1.jpg 775w\" sizes=\"auto, (max-width: 717px) 100vw, 717px\" \/><\/figure>\n\n\n\n<figure class=\"wp-block-embed\"><div class=\"wp-block-embed__wrapper\">\n<iframe loading=\"lazy\" title=\"Nie zast\u0105pi Ciebie nikt - Mo\u015b, Osi\u0144ska, Rubi\u015b, Cugowski, Piekarczyk, Zi\u00f3\u0142ko [Lipko, Dutkiewicz]\" width=\"847\" height=\"476\" src=\"https:\/\/www.youtube.com\/embed\/u-XGQ4h1Qns?feature=oembed\" frameborder=\"0\" allow=\"accelerometer; autoplay; clipboard-write; encrypted-media; gyroscope; picture-in-picture; web-share\" referrerpolicy=\"strict-origin-when-cross-origin\" allowfullscreen><\/iframe>\n<\/div><\/figure>\n","protected":false},"excerpt":{"rendered":"<p>Drodzy Uczniowie! Szanowni Pa\u0144stwo! Z okazji przypadaj\u0105cej 18 maja 2020 roku setnej rocznicy urodzin Karola Wojty\u0142y, p\u00f3\u017aniejszego papie\u017ca Jana Paw\u0142a II-Patrona naszej szko\u0142y, zach\u0119camy serdecznie do ogl\u0105dni\u0119cia wystawy pt. &#8222;Karol <a href=\"http:\/\/zs.wolczyn.pl\/sp\/jan-pawel-ii-100-rocznica-urodzin\/\" class=\"read-more\">Czytaj dalej &#8230;<\/a><\/p>\n","protected":false},"author":1,"featured_media":1705,"comment_status":"closed","ping_status":"open","sticky":false,"template":"","format":"standard","meta":{"footnotes":""},"categories":[36,3],"tags":[],"class_list":["post-1704","post","type-post","status-publish","format-standard","has-post-thumbnail","hentry","category-nasz-patron","category-events"],"_links":{"self":[{"href":"http:\/\/zs.wolczyn.pl\/sp\/wp-json\/wp\/v2\/posts\/1704","targetHints":{"allow":["GET"]}}],"collection":[{"href":"http:\/\/zs.wolczyn.pl\/sp\/wp-json\/wp\/v2\/posts"}],"about":[{"href":"http:\/\/zs.wolczyn.pl\/sp\/wp-json\/wp\/v2\/types\/post"}],"author":[{"embeddable":true,"href":"http:\/\/zs.wolczyn.pl\/sp\/wp-json\/wp\/v2\/users\/1"}],"replies":[{"embeddable":true,"href":"http:\/\/zs.wolczyn.pl\/sp\/wp-json\/wp\/v2\/comments?post=1704"}],"version-history":[{"count":0,"href":"http:\/\/zs.wolczyn.pl\/sp\/wp-json\/wp\/v2\/posts\/1704\/revisions"}],"wp:featuredmedia":[{"embeddable":true,"href":"http:\/\/zs.wolczyn.pl\/sp\/wp-json\/wp\/v2\/media\/1705"}],"wp:attachment":[{"href":"http:\/\/zs.wolczyn.pl\/sp\/wp-json\/wp\/v2\/media?parent=1704"}],"wp:term":[{"taxonomy":"category","embeddable":true,"href":"http:\/\/zs.wolczyn.pl\/sp\/wp-json\/wp\/v2\/categories?post=1704"},{"taxonomy":"post_tag","embeddable":true,"href":"http:\/\/zs.wolczyn.pl\/sp\/wp-json\/wp\/v2\/tags?post=1704"}],"curies":[{"name":"wp","href":"https:\/\/api.w.org\/{rel}","templated":true}]}}