{"id":1718,"date":"2020-05-23T11:19:42","date_gmt":"2020-05-23T11:19:42","guid":{"rendered":"http:\/\/zs.wolczyn.pl\/sp\/?p=1718"},"modified":"2020-05-23T11:20:48","modified_gmt":"2020-05-23T11:20:48","slug":"procedury-organizacji-bezpiecznych-zajec-w-zespole-szkol-w-wolczynie-oraz-postepowania-na-wypadek-wystapienia-zakazenia-koronawirusem-covid-19","status":"publish","type":"post","link":"http:\/\/zs.wolczyn.pl\/sp\/procedury-organizacji-bezpiecznych-zajec-w-zespole-szkol-w-wolczynie-oraz-postepowania-na-wypadek-wystapienia-zakazenia-koronawirusem-covid-19\/","title":{"rendered":"PROCEDURY ORGANIZACJI BEZPIECZNYCH ZAJ\u0118\u0106 W ZESPOLE SZK\u00d3\u0141 W WO\u0141CZYNIE ORAZ POST\u0118POWANIA NA WYPADEK WYST\u0104PIENIA ZAKA\u017bENIA KORONAWIRUSEM (COVID-19)"},"content":{"rendered":"\n<p>Podstawa prawna:<em><\/em><\/p>\n\n\n\n<ul class=\"wp-block-list\"><li><em>Ustawa\nz dnia 2 marca 2020 r. o szczeg\u00f3lnych rozwi\u0105zaniach zwi\u0105zanych z zapobieganiem,\nprzeciwdzia\u0142aniem i zwalczaniem COVID-19, innych chor\u00f3b zaka\u017anych oraz\nwywo\u0142anych nimi sytuacji kryzysowych z p\u00f3\u017an. zm.<\/em><\/li><li><em>Rozporz\u0105dzenie Ministra Edukacji Narodowej\nz dnia 14 maja 2020 r. zmieniaj\u0105ce rozporz\u0105dzenie w sprawie szczeg\u00f3lnych\nrozwi\u0105za\u0144 w okresie czasowego ograniczenia funkcjonowania jednostek systemu\no\u015bwiaty w zwi\u0105zku z zapobieganiem, przeciwdzia\u0142aniem i zwalczaniem COVID-19<\/em><em><\/em><\/li><li><em>Wytyczne\nGIS, MZ i MEN dla szk\u00f3\u0142 podstawowych \u2013 edukacja wczesnoszkolna<\/em><\/li><li><em>Konsultacje\nw szkole \u2013 wytyczne GIS, MZ i MEN dla szk\u00f3\u0142<\/em><\/li><li><em>Rekomendacje\ndotycz\u0105ce organizacji zaj\u0119\u0107 rewalidacyjnych, rewalidacyjno-wychowawczych i\nwczesnego wspomagania rozwoju dziecka<\/em><\/li><\/ul>\n\n\n\n<p class=\"has-text-align-center\"><strong>\u00a7 1<\/strong><\/p>\n\n\n\n<p><strong>Postanowienia\nog\u00f3lne dotycz\u0105ce organizacji szko\u0142y<\/strong><\/p>\n\n\n\n<ol class=\"wp-block-list\"><li>Procedura\norganizacji i bezpiecznych zaj\u0119\u0107 w szkole oraz post\u0119powania na wypadek\nzaka\u017cenia koronawirusem (COVID-19), zwana dalej \u201eProcedur\u0105\u201d obowi\u0105zuje\nwszystkich pracownik\u00f3w Zespo\u0142u Szk\u00f3\u0142 w Wo\u0142czynie (zwane dalej jako \u201eszko\u0142a\u201d),\nuczni\u00f3w oraz rodzic\u00f3w&nbsp; uczni\u00f3w\nucz\u0119szczaj\u0105cych do szko\u0142y. <\/li><li>W\nszkole organizowane s\u0105 zaj\u0119cia opieku\u0144czo-wychowawcze z elementami zaj\u0119\u0107\ndydaktycznych, oraz mo\u017cliwe s\u0105 konsultacje dla uczni\u00f3w klas VIII szko\u0142y\npodstawowej, a od 1 czerwca dla wszystkich uczni\u00f3w szko\u0142y podstawowej i liceum.\nMo\u017cliwe jest r\u00f3wnie\u017c organizowanie zaj\u0119\u0107 rewalidacyjnych i rewalidacyjno-wychowawczych.\n<\/li><li>Ucze\u0144\nnie powinien zabiera\u0107 ze sob\u0105 do szko\u0142y niepotrzebnych przedmiot\u00f3w.<\/li><li>Nauczyciele\ni inni pracownicy szko\u0142y powinni zachowywa\u0107 dystans spo\u0142eczny mi\u0119dzy sob\u0105,\nw&nbsp;ka\u017cdej przestrzeni szko\u0142y wynosz\u0105cy min. 1,5 m.<\/li><li>Personel\nkuchenny i pracownicy administracji oraz obs\u0142ugi powinni ograniczy\u0107 kontakty z\nuczniami oraz nauczycielami.<\/li><li>Nale\u017cy\nograniczy\u0107 przebywanie os\u00f3b z zewn\u0105trz w plac\u00f3wce do niezb\u0119dnego minimum,\nz&nbsp;zachowaniem wszelkich \u015brodk\u00f3w ostro\u017cno\u015bci (m. in. os\u0142ona ust i nosa,\nr\u0119kawiczki jednorazowe lub dezynfekcja r\u0105k, tylko osoby zdrowe) i w\nwyznaczonych obszarach.<\/li><\/ol>\n\n\n\n<p class=\"has-text-align-center\"><strong>I. Edukacja wczesnoszkolna<\/strong><\/p>\n\n\n\n<ol class=\"wp-block-list\"><li>Ka\u017cdy\nz Rodzic\u00f3w zobowi\u0105zany jest przed rozpocz\u0119ciem przyprowadzania dziecka do szko\u0142y\ndo podpisania o\u015bwiadczenia oraz deklaracji (za\u0142\u0105cznik nr 1a i 1b do niniejszych\nProcedur). Odmowa podpisu o\u015bwiadczenia i&nbsp;deklaracji jest r\u00f3wnoznaczna z\nbrakiem mo\u017cliwo\u015bci ucz\u0119szczania dziecka do szko\u0142y.<\/li><li>W\ngrupie mo\u017ce przebywa\u0107 do 12 uczni\u00f3w. W uzasadnionych przypadkach za zgod\u0105\norganu prowadz\u0105cego mo\u017cna zwi\u0119kszy\u0107 liczb\u0119 dzieci &#8211; nie wi\u0119cej ni\u017c o 2. Przy\nokre\u015blaniu liczby uczni\u00f3w w&nbsp;grupie nale\u017cy uwzgl\u0119dni\u0107 tak\u017ce rodzaj\nniepe\u0142nosprawno\u015bci uczni\u00f3w.<\/li><li>&nbsp;W miar\u0119 mo\u017cliwo\u015bci do grupy przyporz\u0105dkowani\ns\u0105 ci sami nauczyciele.<\/li><li>Jedna\ngrupa uczni\u00f3w przebywa w wyznaczonej i w miar\u0119 mo\u017cliwo\u015bci sta\u0142ej sali.<\/li><li>Minimalna\nprzestrze\u0144 do zaj\u0119\u0107 dla uczni\u00f3w w sali nie mo\u017ce by\u0107 mniejsza ni\u017c 4 m<sup>2<\/sup>\nna 1 osob\u0119 (uczni\u00f3w i&nbsp;nauczycieli).<\/li><li>Ucze\u0144\nposiada w\u0142asne przybory i podr\u0119czniki, kt\u00f3re w czasie zaj\u0119\u0107 mog\u0105 znajdowa\u0107 si\u0119\nna stoliku szkolnym ucznia, w tornistrze lub we w\u0142asnej szafce. Uczniowie nie\npowinni wymienia\u0107 si\u0119 przyborami szkolnymi mi\u0119dzy sob\u0105.<\/li><li>W\nsali gimnastycznej mog\u0105 przebywa\u0107 nie wi\u0119cej ni\u017c dwie grupy uczni\u00f3w. Po ka\u017cdych\nzaj\u0119ciach u\u017cywany sprz\u0119t sportowy oraz pod\u0142oga powinny zosta\u0107 umyte lub\nzdezynfekowane. <\/li><li>Sale\nnale\u017cy wietrzy\u0107 co najmniej raz na godzin\u0119, w czasie przerwy, a w razie\npotrzeby tak\u017ce w&nbsp;czasie zaj\u0119\u0107.<\/li><li>Nauczyciel\norganizuje przerwy dla swojej grupy, w interwa\u0142ach adekwatnych do potrzeb,\njednak nie rzadziej ni\u017c co 45 min. Grupa sp\u0119dza przerwy pod nadzorem\nnauczyciela.<\/li><li>Zaleca si\u0119 korzystanie przez\nuczni\u00f3w z boiska szkolnego oraz pobytu na \u015bwie\u017cym powietrzu na terenie szko\u0142y,\nprzy zachowaniu zmianowo\u015bci grup i dystansu pomi\u0119dzy nimi.<\/li><li>Sprz\u0119t na boisku wykorzystywany\npodczas zaj\u0119\u0107 powinien by\u0107 regularnie czyszczony z u\u017cyciem detergentu lub\ndezynfekowany. Je\u017celi nie ma takiej mo\u017cliwo\u015bci nale\u017cy zabezpieczy\u0107 go przed u\u017cywaniem.<\/li><li>Na boisku mog\u0105 przebywa\u0107 dwie\ngrupy przy za\u0142o\u017ceniu, \u017ce zachowany jest mi\u0119dzy nimi dystans.<\/li><li>Nale\u017cy ograniczy\u0107 aktywno\u015bci\nsprzyjaj\u0105ce bliskiemu kontaktowi pomi\u0119dzy uczniami.<\/li><li>Nale\u017cy zapewni\u0107 tak\u0105 organizacj\u0119\npracy i koordynacj\u0119, kt\u00f3ra utrudni stykanie si\u0119 ze sob\u0105 poszczeg\u00f3lnych grup\nuczni\u00f3w (np. r\u00f3\u017cne godziny przyjmowania grup do plac\u00f3wki, r\u00f3\u017cne godziny przerw\nlub zaj\u0119\u0107 na boisku).<\/li><li>Nie nale\u017cy organizowa\u0107 \u017cadnych\nwyj\u015b\u0107 poza teren szko\u0142y (np. spacer do parku).<\/li><li>Rodzice i opiekunowie\nprzyprowadzaj\u0105cy\/odbieraj\u0105cy uczni\u00f3w do\/ze szko\u0142y musz\u0105 zachowa\u0107 dystans\nspo\u0142eczny w odniesieniu do pracownik\u00f3w szko\u0142y oraz innych uczni\u00f3w i ich\nrodzic\u00f3w wynosz\u0105cy min. 2 m.<\/li><li>Rodzice mog\u0105 wchodzi\u0107 z dzie\u0107mi\nwy\u0142\u0105cznie do wyznaczonego obszaru \u2013 <strong>oznakowany\nhol g\u0142\u00f3wny Budynku B,<\/strong> z zachowaniem zasady \u2013 jeden rodzic z dzieckiem w\nodst\u0119pie 2 m od kolejnego rodzica z dzieckiem. Nale\u017cy rygorystycznie\nprzestrzega\u0107 wszelkich \u015brodk\u00f3w ostro\u017cno\u015bci (m. in. os\u0142ona ust i nosa,\nr\u0119kawiczki jednorazowe lub dezynfekcja r\u0105k).<\/li><li>Do szko\u0142y mo\u017ce ucz\u0119szcza\u0107\nwy\u0142\u0105cznie ucze\u0144 zdrowy, bez objaw\u00f3w chorobowych sugeruj\u0105cych chorob\u0119 zaka\u017an\u0105.<\/li><li>Uczniowie do szko\u0142y s\u0105\nprzyprowadzani\/odbierani przez osoby zdrowe.<\/li><li>Je\u017celi w domu przebywa osoba na\nkwarantannie lub izolacji nie wolno przyprowadza\u0107 ucznia do szko\u0142y.<\/li><li>Szko\u0142a uzgadnia sposoby szybkiej\nkomunikacji z rodzicami\/opiekunami ucznia.<\/li><li>W przypadku wyst\u0105pienia\nniepokoj\u0105cych objaw\u00f3w chorobowych szko\u0142a wyst\u0119puje o zgod\u0119 rodzic\u00f3w\/opiekun\u00f3w\nna pomiar temperatury cia\u0142a ucznia je\u017celi zaistnieje taka konieczno\u015b\u0107.<\/li><li>Je\u017celi dziecko przejawia\nniepokoj\u0105ce objawy choroby nale\u017cy odizolowa\u0107 je wyznaczonym miejscu (<strong>pomieszczenie piel\u0119gniarki szkolnej &#8211; budynek\nB<\/strong>) z zapewnieniem min. 2&nbsp;m odleg\u0142o\u015bci od innych os\u00f3b i&nbsp;niezw\u0142ocznie\npowiadomi\u0107 rodzic\u00f3w\/opiekun\u00f3w w celu pilnego odebrania ucznia ze szko\u0142y.<\/li><\/ol>\n\n\n\n<p class=\"has-text-align-center\"><strong>II. Konsultacje w szkole<\/strong><\/p>\n\n\n\n<ol class=\"wp-block-list\"><li>Dyrektor wraz z nauczycielami przygotowuje oraz upowszechnia w\u015br\u00f3d nauczycieli, uczni\u00f3w i\u00a0rodzic\u00f3w harmonogram konsultacji indywidualnych i grupowych. <\/li><li>Podczas konsultacji w grupie mo\u017ce przebywa\u0107 do 12 uczni\u00f3w. W uzasadnionych przypadkach, za zgod\u0105 organu, prowadz\u0105cego mo\u017cna zwi\u0119kszy\u0107 liczb\u0119 uczni\u00f3w \u2013 nie wi\u0119cej ni\u017c o 2 osoby uwzgl\u0119dniaj\u0105c zasady: 4\u00a0m<sup>2<\/sup> na osob\u0119, 2 m dystansu spo\u0142ecznego pomi\u0119dzy osobami i 1,5 m odst\u0119pu pomi\u0119dzy stolikami w sali.<\/li><li>W miar\u0119 mo\u017cliwo\u015bci wyznacza si\u0119 sta\u0142\u0105 sal\u0119 na konsultacje dla tej samej grupy. <\/li><li>Nauczyciel prowadz\u0105cy konsultacje wyja\u015bnia uczniom,\u00a0jakie zasady bezpiecze\u0144stwa obecnie obowi\u0105zuj\u0105 w\u00a0szkole\u00a0i dlaczego zosta\u0142y wprowadzone.<\/li><li>Nauczyciel w miar\u0119 mo\u017cliwo\u015bci dopilnowuje, aby uczniowie nie po\u017cyczali sobie przybor\u00f3w i podr\u0119cznik\u00f3w.<\/li><li>Zaleca si\u0119 wietrzenie sal, w kt\u00f3rych organizowane s\u0105 konsultacje,\u00a0co najmniej raz na godzin\u0119.<\/li><li>Je\u017celi ucze\u0144 um\u00f3wi\u0142 si\u0119 na konsultacje, a nie mo\u017ce przyj\u015b\u0107, zg\u0142asza ten fakt odpowiednio wcze\u015bniej \u2013 nauczyciel b\u0119dzie m\u00f3g\u0142 zaprosi\u0107 w zast\u0119pstwie innego ucznia.<\/li><li>Ucze\u0144 zabiera do szko\u0142y w\u0142asny zestaw podr\u0119cznik\u00f3w i przybor\u00f3w. W szkole nie b\u0119dzie m\u00f3g\u0142 ich po\u017cycza\u0107 od innych uczni\u00f3w.<\/li><li>Ucze\u0144 unika wi\u0119kszych skupisk uczni\u00f3w, zachowuje dystans przebywaj\u0105c na korytarzu, w\u00a0toalecie, innych pomieszczeniach wsp\u00f3lnych oraz na terenie szko\u0142y.<\/li><li> Ustala si\u0119\u00a0 i upowszechnia zasady korzystania z biblioteki szkolnej oraz godziny jej pracy, uwzgl\u0119dniaj\u0105c konieczny okres kwarantanny dla ksi\u0105\u017cek i innych materia\u0142\u00f3w przechowywanych w\u00a0bibliotekach. Je\u017celi ucze\u0144 korzysta z biblioteki szkolnej, wcze\u015bniej zapoznaje si\u0119 ze szczeg\u00f3\u0142owymi zasadami wypo\u017cyczania ksi\u0105\u017cek.  <\/li><\/ol>\n\n\n\n<p class=\"has-text-align-center\"> III. <strong>Zaj\u0119cia rewalidacyjne, rewalidacyjno-wychowawcze<\/strong><\/p>\n\n\n\n<ol class=\"wp-block-list\"><li>W\nzaj\u0119ciach nie mog\u0105 uczestniczy\u0107 uczniowie oraz kadra pedagogiczna, kt\u00f3rzy s\u0105\nobj\u0119ci kwarantann\u0105 lub izolacj\u0105 albo maj\u0105 objawy choroby zaka\u017anej. <\/li><li>W\nmiar\u0119 mo\u017cliwo\u015bci zaleca si\u0119 u\u017cywanie os\u0142ony ust i nosa przez osoby prowadz\u0105ce\nzaj\u0119cia oraz informowanie dzieci i m\u0142odzie\u017cy o konieczno\u015bci stosowania tego\nrozwi\u0105zania w spos\u00f3b dostosowany do ich mo\u017cliwo\u015bci psychofizycznych,<\/li><li>Podczas\nzaj\u0119\u0107 obowi\u0105zuje zakaz korzystania z telefon\u00f3w.<\/li><li>Pomieszczenia\nw kt\u00f3rych odbywaj\u0105 si\u0119 zaj\u0119cia powinny by\u0107 regularnie wietrzone.<\/li><li>W\nprzypadku stwierdzenia podejrzenia zara\u017cenia si\u0119 wirusem przez uczestnika zaj\u0119\u0107\nnale\u017cy niezw\u0142ocznie podj\u0105\u0107 kroki maj\u0105ce na celu odizolowanie tej osoby w\nodr\u0119bnym pomieszczeniu. Nast\u0119pnie nale\u017cy zawiadomi\u0107 rodzin\u0119 b\u0105d\u017a osoby wskazane\ndo kontaktu o zaistnia\u0142ej sytuacji oraz skontaktowa\u0107 si\u0119 telefonicznie\nz&nbsp;powiatow\u0105\/wojew\u00f3dzk\u0105 stacj\u0105 sanitarno-epidemiologiczn\u0105 w celu uzyskania\ndecyzji co do dalszego post\u0119powania zgodnie z procedur\u0105 og\u00f3ln\u0105.<\/li><li>Obowi\u0105zuje\nzakaz wst\u0119pu na teren szko\u0142y os\u00f3b, kt\u00f3rych obecno\u015b\u0107 nie jest konieczna do\nzapewnienia realizacji zaj\u0119\u0107.<\/li><li>W\nzaj\u0119ciach nie mog\u0105 uczestniczy\u0107 osoby, kt\u00f3re w ci\u0105gu ostatnich 14 dni mia\u0142y\nkontakt z osob\u0105 chor\u0105 z&nbsp;powodu infekcji wywo\u0142anej koronawirusem lub\npodejrzan\u0105 o zaka\u017cenie.<\/li><li>Pomiar\ntemperatury cia\u0142a u uczni\u00f3w mo\u017cliwy jest jedynie po uprzednim uzyskaniu zgody\nrodzic\u00f3w\/opiekun\u00f3w prawnych.<\/li><li>Kadra\nniezaanga\u017cowana w bezpo\u015bredni\u0105 prac\u0119 z&nbsp;uczniami uczestnicz\u0105cymi w\nzaj\u0119ciach rewalidacyjnych, rewalidacyjno-wychowawczych oraz zaj\u0119ciach wczesnego\nwspomagania rozwoju dziecka powinna ograniczy\u0107 kontakty z uczestnikami zaj\u0119\u0107\noraz kadr\u0105 prowadz\u0105c\u0105 te zaj\u0119cia.<\/li><li>W celu opracowania optymalnego\nsposobu organizacji pracy i zaj\u0119\u0107 nale\u017cy wcze\u015bniej ustali\u0107 liczb\u0119 uczestnik\u00f3w tych\nzaj\u0119\u0107.<\/li><li>W przypadku zaj\u0119\u0107 grupowych ilo\u015b\u0107\nuczestnik\u00f3w zaj\u0119\u0107 musi by\u0107 dostosowana do potrzeb i&nbsp;mo\u017cliwo\u015bci uczni\u00f3w\nprzy uwzgl\u0119dnieniu konieczno\u015bci zapewnienia bezpiecznych i&nbsp;higienicznych\nwarunk\u00f3w realizacji zaj\u0119\u0107. Zaleca si\u0119 prac\u0119 indywidualn\u0105 lub w ma\u0142ych grupach\no&nbsp;sta\u0142ym sk\u0142adzie.<\/li><li>Szko\u0142a dostosowuje wielko\u015bci sal\ndo liczby uczestnik\u00f3w zaj\u0119\u0107 \u2013 minimalna przestrze\u0144 do prowadzenia zaj\u0119\u0107 dla uczni\u00f3w\nw sali nie mo\u017ce by\u0107 mniejsza ni\u017c 4 m<sup>2<\/sup> na jednego uczestnika zaj\u0119\u0107 i\nnauczyciela prowadz\u0105cego zaj\u0119cia oraz pomocy nauczyciela. <\/li><li>Zaleca si\u0119 cz\u0119ste mycie r\u0105k (wod\u0105\nz myd\u0142em) lub dezynfekowanie ich preparatami na bazie alkoholu (min. 60%).<\/li><li>Obowi\u0105zuje regularne mycie lub\ndezynfekowanie sprz\u0119tu rehabilitacyjnego, biurek, sto\u0142\u00f3w, klamek, w\u0142\u0105cznik\u00f3w\n\u015bwiat\u0142a, por\u0119czy \u2013 musz\u0105 by\u0107 one regularnie przecierane z u\u017cyciem wody i\ndetergentu lub \u015brodka dezynfekcyjnego (najlepiej po ka\u017cdych zaj\u0119ciach i przy\nzmianie grupy uczestnik\u00f3w).<\/li><li>Nauczyciel prowadz\u0105cy zaj\u0119cia informuje\nuczni\u00f3w, w spos\u00f3b dostosowany do ich potrzeb, o&nbsp;potrzebie unikania\ndotykania oczu, nosa i ust.<\/li><li>Uczniowie dbaj\u0105 o zachowanie\nodpowiedniego dystansu spo\u0142ecznego, przy uwzgl\u0119dnieniu bie\u017c\u0105cych potrzeb.<\/li><li>W przypadku:<ol><li>braku zgody rodzica\/opiekuna, <\/li><\/ol><ol><li>ryzyka wynikaj\u0105cego z charakteru\nzaj\u0119\u0107 lub zagro\u017cenia zdrowotnego, <\/li><\/ol><ol><li>braku mo\u017cliwo\u015bci zorganizowania\nzaj\u0119\u0107 w spos\u00f3b zmniejszaj\u0105cy ryzyko,<\/li><\/ol><\/li><\/ol>\n\n\n\n<p>\n\n\n\n\n\n\n\n\n\n\n\n\n\n\n\n\n\n\n\n\n\n\n\n\n\n\n\n\n\n\n\n\n\n\n\n\n\n\n\nszko\u0142a kontynuuje prac\u0119 z uczniami z\nwykorzystaniem metod i technik kszta\u0142cenia na odleg\u0142o\u015b\u0107.\n\n\n\n<\/p>\n\n\n\n<p class=\"has-text-align-center\"><strong>\u00a7 2<\/strong><\/p>\n\n\n\n<ol class=\"wp-block-list\"><li>Przy\nwej\u015bciu g\u0142\u00f3wnym znajduj\u0105 si\u0119 numery telefon\u00f3w do stacji\nsanitarno-epidemiologicznej w&nbsp;Kluczborku, oddzia\u0142u zaka\u017anego szpitala i\ns\u0142u\u017cb medycznych oraz organ\u00f3w, z kt\u00f3rymi nale\u017cy si\u0119 kontaktowa\u0107 w przypadku\nstwierdzenia objaw\u00f3w chorobowych. <\/li><li>Przed\nwej\u015bciem do budynku szko\u0142y nale\u017cy skorzysta\u0107 z p\u0142ynu dezynfekuj\u0105cego do r\u0105k. Wszystkie\nosoby wchodz\u0105ce do szko\u0142y dezynfekuj\u0105 d\u0142onie lub zak\u0142adaj\u0105 r\u0119kawiczki ochronne,\nzakrywaj\u0105 usta i nos oraz nie przekraczaj\u0105 obowi\u0105zuj\u0105cych stref przebywania<\/li><li>Nale\u017cy\nregularnie my\u0107 r\u0119ce wod\u0105 z myd\u0142em oraz dopilnowa\u0107, aby robili to uczniowie,\nszczeg\u00f3lnie po przyj\u015bciu do szko\u0142y, przed jedzeniem i po powrocie ze \u015bwie\u017cego\npowietrza, po skorzystaniu z&nbsp;toalety.<\/li><li>Nauczyciele\nna bie\u017c\u0105co informuj\u0105 rodzic\u00f3w o samopoczuciu uczni\u00f3w lub zauwa\u017conych zmianach w\nzachowaniu w czasie pobytu w szkole.<\/li><\/ol>\n\n\n\n<p class=\"has-text-align-center\"><strong>\u00a7 3<\/strong><\/p>\n\n\n\n<p class=\"has-text-align-center\"><strong>Post\u0119powanie w przypadku wyst\u0105pienia zaka\u017cenia lub ryzyka zaka\u017cenia koronawirusem<\/strong>  <strong>w Zespole Szk\u00f3\u0142 w Wo\u0142czynie<\/strong> <\/p>\n\n\n\n<p class=\"has-text-align-center\"><strong>I. Procedura post\u0119powania dotycz\u0105ca pracownik\u00f3w szko\u0142y<\/strong><\/p>\n\n\n\n<ol class=\"wp-block-list\"><li>Do pracy w szkole mog\u0105 przychodzi\u0107 jedynie osoby zdrowe, bez jakichkolwiek objaw\u00f3w wskazuj\u0105cych na chorob\u0119 zaka\u017an\u0105. W przypadku wyst\u0105pienia niepokoj\u0105cych objaw\u00f3w osoby takie powinny pozosta\u0107 w domu i\u00a0skontaktowa\u0107 si\u0119 telefonicznie ze stacj\u0105 sanitarno \u2013 epidemiologiczn\u0105 w Kluczborku, oddzia\u0142em zaka\u017anym, a\u00a0w razie pogarszania si\u0119 stanu zdrowia zadzwoni\u0107 pod nr 999 lub 112 i poinformowa\u0107, \u017ce mog\u0105 by\u0107 zaka\u017ceni koronawirusem.<\/li><li> W miar\u0119 mo\u017cliwo\u015bci w zaj\u0119cia nie b\u0119d\u0105 anga\u017cowani pracownicy powy\u017cej 60. roku \u017cycia lub z\u00a0istotnymi problemami zdrowotnymi, kt\u00f3re zaliczaj\u0105 ich do grupy tzw. podwy\u017cszonego ryzyka. <\/li><li> W przypadku wyst\u0105pienia u pracownika szko\u0142y niepokoj\u0105cych objaw\u00f3w sugeruj\u0105cych zaka\u017cenie koronawirusem, nale\u017cy niezw\u0142ocznie odsun\u0105\u0107 go od pracy. Nale\u017cy wstrzyma\u0107 przyjmowanie kolejnych grup uczni\u00f3w, powiadomi\u0107 powiatow\u0105 stacj\u0119 sanitarno-epidemiologiczn\u0105 w Kluczborku i stosowa\u0107 si\u0119 \u015bci\u015ble do wydawanych instrukcji i polece\u0144. <\/li><li> Wyznacza si\u0119 pomieszczenie, w kt\u00f3rym b\u0119dzie mo\u017cna odizolowa\u0107 osob\u0119 w przypadku zdiagnozowania objaw\u00f3w chorobowych. <\/li><li> Obszar, w kt\u00f3rym porusza\u0142 si\u0119 i przebywa\u0142 pracownik, nale\u017cy podda\u0107 gruntownemu sprz\u0105taniu, zgodnie z\u00a0funkcjonuj\u0105cymi procedurami oraz zdezynfekowa\u0107 powierzchnie dotykowe (klamki, por\u0119cze, uchwyty itp.) oraz zastosowa\u0107 si\u0119 do indywidualnych zalece\u0144 wydanych przez inspektorat sanitarny. <\/li><\/ol>\n\n\n\n<p class=\"has-text-align-center\"><strong>II. Procedura post\u0119powania dotycz\u0105ca dzieci i rodzic\u00f3w<\/strong><\/p>\n\n\n\n<ol class=\"wp-block-list\"><li>Je\u017celi\nw szkole nauczyciel zauwa\u017cy u dziecka objawy mog\u0105ce wskazywa\u0107 na stan chorobowy\n\u2013 zaka\u017cenie koronawirusem (COVID-19) (tj. m.in. podwy\u017cszona temperatura cia\u0142a,\nuporczywy kaszel, b\u00f3l g\u0142owy, b\u00f3l mi\u0119\u015bni, wyra\u017ane zmiany w zachowaniu, duszno\u015b\u0107\ni problemy z&nbsp;oddychaniem) natychmiast powiadamia odolegliwo\u015bciach dziecka\nrodzic\u00f3w (prawnych opiekun\u00f3w) oraz&nbsp;\ndyrektora szko\u0142y. <\/li><li>W\nsytuacji niemo\u017cno\u015bci nawi\u0105zania kontaktu z rodzicami (opiekunami prawnymi),\nnauczyciel podejmuje wszelkie dost\u0119pne czynno\u015bci w celu nawi\u0105zania kontaktu z\nosobami upowa\u017cnionymi przez rodzic\u00f3w (opiekun\u00f3w prawnych) do odbioru dziecka.\nNumery telefon\u00f3w os\u00f3b upowa\u017cnionych do odbioru dziecka rodzice (prawni\nopiekunowie) podaj\u0105 na stosownym upowa\u017cnieniu.<\/li><li>Nauczyciel,\nkt\u00f3ry zauwa\u017cy\u0142 niepokoj\u0105ce objawy u dziecka zobowi\u0105zany jest natychmiast\nodizolowa\u0107 dziecko od pozosta\u0142ych os\u00f3b znajduj\u0105cych si\u0119 na terenie szko\u0142y, do\nspecjalnie przygotowanego pomieszczenia (<strong>izolatorium\n&#8211; pomieszczenie nr 30 w Budynku A, gabinet piel\u0119gniarki w budynku B, sala nr 3\nw Budynku C<\/strong>) do momentu przybycia rodzica (opiekuna prawnego) lub w\nprzypadku braku mo\u017cliwo\u015bci skontaktowania si\u0119 z&nbsp;rodzicami oraz osobami\nupowa\u017cnionymi &#8211; do momentu przybycia pogotowia ratunkowego.<\/li><li>Nauczyciel,\nkt\u00f3ry zaobserwowa\u0142 objawy wskazuj\u0105ce na zaka\u017cenie koronawirusem (COVID-19)\nopiekuje si\u0119 dzieckiem do czasu przybycia rodzic\u00f3w (opiekun\u00f3w prawnych) lub\nos\u00f3b upowa\u017cnionych. Nauczyciel zobligowany jest do stosowania wszelkich zasad\nbezpiecze\u0144stwa i&nbsp;powinien by\u0107 zaopatrzony w&nbsp;indywidualne \u015brodki\nochrony osobistej \u2013&nbsp;jednorazowe r\u0119kawiczki, maseczk\u0119 zakrywaj\u0105c\u0105 usta\ni&nbsp;nos.<\/li><li>Po\nzaobserwowaniu niepokoj\u0105cych objaw\u00f3w u dziecka nale\u017cy niezw\u0142ocznie wstrzyma\u0107\nprzyjmowanie kolejnych dzieci do plac\u00f3wki.<\/li><li>Obszar,\nw kt\u00f3rym porusza\u0142o si\u0119 i przebywa\u0142o dziecko oraz:<ol><li>klamki, blaty,<\/li><\/ol><ol><li>zabawki<\/li><\/ol><ol><li>przybory szkolne<\/li><\/ol><ol><li>inne rzeczy, kt\u00f3rych mog\u0142o dotyka\u0107<\/li><\/ol><\/li><\/ol>\n\n\n\n<p>nale\u017cy podda\u0107 gruntownemu\nsprz\u0105taniu, zgodnie z funkcjonuj\u0105cymi w plac\u00f3wce procedurami oraz zdezynfekowa\u0107\nich powierzchnie<\/p>\n\n\n\n<p class=\"has-text-align-center\">  <strong>\u00a7<\/strong> 4<\/p>\n\n\n\n<ol class=\"wp-block-list\"><li>Niniejszy dokument obowi\u0105zuje od dnia 25.05.2020 r. do odwo\u0142ania. <\/li><li>Rodzice dzieci oraz personel Szko\u0142y jest zobowi\u0105zany do zapoznania si\u0119 z niniejszym dokumentem oraz stosowania si\u0119 do zawartych w nim zasad. <\/li><li>Zasady organizacji opieki b\u0119d\u0105 na bie\u017c\u0105co aktualizowane i dostosowywane do wytycznych G\u0142\u00f3wnego Inspektora Sanitarnego. <\/li><li>Wszelkie zmiany niniejszego dokumentu mog\u0105 by\u0107 dokonywane wy\u0142\u0105cznie w formie pisemnej pod rygorem niewa\u017cno\u015bci.<\/li><\/ol>\n","protected":false},"excerpt":{"rendered":"<p>Podstawa prawna: Ustawa z dnia 2 marca 2020 r. o szczeg\u00f3lnych rozwi\u0105zaniach zwi\u0105zanych z zapobieganiem, przeciwdzia\u0142aniem i zwalczaniem COVID-19, innych chor\u00f3b zaka\u017anych oraz wywo\u0142anych nimi sytuacji kryzysowych z p\u00f3\u017an. zm. <a href=\"http:\/\/zs.wolczyn.pl\/sp\/procedury-organizacji-bezpiecznych-zajec-w-zespole-szkol-w-wolczynie-oraz-postepowania-na-wypadek-wystapienia-zakazenia-koronawirusem-covid-19\/\" class=\"read-more\">Czytaj dalej &#8230;<\/a><\/p>\n","protected":false},"author":1,"featured_media":0,"comment_status":"closed","ping_status":"open","sticky":false,"template":"","format":"standard","meta":{"footnotes":""},"categories":[5],"tags":[],"class_list":["post-1718","post","type-post","status-publish","format-standard","hentry","category-documents"],"_links":{"self":[{"href":"http:\/\/zs.wolczyn.pl\/sp\/wp-json\/wp\/v2\/posts\/1718","targetHints":{"allow":["GET"]}}],"collection":[{"href":"http:\/\/zs.wolczyn.pl\/sp\/wp-json\/wp\/v2\/posts"}],"about":[{"href":"http:\/\/zs.wolczyn.pl\/sp\/wp-json\/wp\/v2\/types\/post"}],"author":[{"embeddable":true,"href":"http:\/\/zs.wolczyn.pl\/sp\/wp-json\/wp\/v2\/users\/1"}],"replies":[{"embeddable":true,"href":"http:\/\/zs.wolczyn.pl\/sp\/wp-json\/wp\/v2\/comments?post=1718"}],"version-history":[{"count":0,"href":"http:\/\/zs.wolczyn.pl\/sp\/wp-json\/wp\/v2\/posts\/1718\/revisions"}],"wp:attachment":[{"href":"http:\/\/zs.wolczyn.pl\/sp\/wp-json\/wp\/v2\/media?parent=1718"}],"wp:term":[{"taxonomy":"category","embeddable":true,"href":"http:\/\/zs.wolczyn.pl\/sp\/wp-json\/wp\/v2\/categories?post=1718"},{"taxonomy":"post_tag","embeddable":true,"href":"http:\/\/zs.wolczyn.pl\/sp\/wp-json\/wp\/v2\/tags?post=1718"}],"curies":[{"name":"wp","href":"https:\/\/api.w.org\/{rel}","templated":true}]}}