{"id":2424,"date":"2021-04-27T05:36:13","date_gmt":"2021-04-27T05:36:13","guid":{"rendered":"http:\/\/zs.wolczyn.pl\/sp\/?p=2424"},"modified":"2024-10-15T11:21:46","modified_gmt":"2024-10-15T11:21:46","slug":"xii-miedzyszkolny-konkurs-papieski","status":"publish","type":"post","link":"http:\/\/zs.wolczyn.pl\/sp\/xii-miedzyszkolny-konkurs-papieski\/","title":{"rendered":"XII Mi\u0119dzyszkolny Konkurs Papieski"},"content":{"rendered":"\n<p>W dniu 23 kwietnia 2021 roku, w Szkole Podstawowej im. Jana Paw\u0142a II w Wo\u0142czynie, odby\u0142a si\u0119 XII edycja Mi\u0119dzyszkolnego Konkursu Papieskiego. Termin konkursu by\u0142 przek\u0142adany kilkakrotnie od ubieg\u0142ego roku, kiedy zacz\u0119\u0142a si\u0119 walka z pandemi\u0105 koronawirusa. Pocz\u0105tkowo zg\u0142osi\u0142o si\u0119 kilka zaprzyja\u017anionych szk\u00f3\u0142 w naszym regionie. Niestety, ze wzgl\u0119du na sytuacj\u0119 pandemiologiczn\u0105, wi\u0119kszo\u015b\u0107 z nich zrezygnowa\u0142a. Ostatecznie dopiero w ubieg\u0142y pi\u0105tek uda\u0142o nam si\u0119 przeprowadzi\u0107 konkurs, przestrzegaj\u0105c wszelkich rekomendacji &nbsp;sanitarnych.<br>Jak co roku, uczestnicy konkursu zmierzyli si\u0119 z zestawem zada\u0144 dotycz\u0105cych nauczania &nbsp;naszego Patrona. W tym roku has\u0142o konkursu brzmia\u0142o:<\/p>\n\n\n\n<p><strong>\u201e\u015awi\u0119ty Jan Pawe\u0142 II \u2013 Wielki Polak\u201d.<\/strong><\/p>\n\n\n\n<p>Przez 11 lat&nbsp; mogli\u015bmy szczyci\u0107 si\u0119&nbsp; patronatem i opiek\u0105 duchow\u0105 Ministra Prowincjalnego Prowincji Braci Mniejszych Kapucyn\u00f3w z Krakowa, a tak\u017ce Burmistrza Miasta Wo\u0142czyna. &nbsp;Od 2020 roku patronat przej\u0105\u0142 Instytut Centrum My\u015bli Jana Paw\u0142a II z siedzib\u0105 w Warszawie. Efektem tego jest fakt, \u017ce laureaci&nbsp; zmaga\u0144 konkursowych otrzymuj\u0105 co rokrocznie bardzo cenne nagrody rzeczowe, co z pewno\u015bci\u0105 zach\u0119ca m\u0142odych ludzi \u2013 zafascynowanych postaci\u0105 Patrona &#8211; do poszerzania wiedzy o Nim, a przede wszystkim o Jego nauczaniu. Ka\u017cdego roku autorem zestawu pyta\u0144 konkursowych jest jeden ze szkolnych katechet\u00f3w. Tym razem by\u0142 to br. Bartosz Ekert, kt\u00f3ry ze wzgl\u0119du na decyzje w\u0142adz zakonu zmieni\u0142 plac\u00f3wk\u0119 i nie m\u00f3g\u0142 osobi\u015bcie doprowadzi\u0107 konkursu do fina\u0142u. &nbsp;W jego zast\u0119pstwie&nbsp; obowi\u0105zki te przej\u0105\u0142 br.Tomasz Duszyc,&nbsp;a opiek\u0119 nad przebiegiem konkursu zapewni\u0142a osobi\u015bcie pani dyrektor&nbsp;Ewa W\u0142os. Komisja konkursowa w sk\u0142adzie:<\/p>\n\n\n\n<ul class=\"wp-block-list\"><li>przewodnicz\u0105ca komisji &#8211; mgr Ewa W\u0142os<\/li><li>cz\u0142onek \u2013 br. mgr Tomasz Duszyc<\/li><li>cz\u0142onek &#8211; mgr Alina Gajewska<\/li><\/ul>\n\n\n\n<p>przedstawi\u0142a wyniki konkursu.<br><br>Oto jego laureaci:<\/p>\n\n\n\n<ul class=\"wp-block-list\"><li>I miejsce-Brajan Rzadkowski, SP im. Jana Paw\u0142a II w Wo\u0142czynie;<\/li><li>II miejsce- Zuzanna Jaszczak, LO w Wo\u0142czynie;<\/li><li>III miejsce-Laura Bezpa\u0142ko, LO w Kluczborku.<\/li><\/ul>\n\n\n\n<p>&nbsp;Pani dyrektor, Ewa W\u0142os&nbsp; pogratulowa\u0142a zwyci\u0119zcom i wyrazi\u0142a swoje uznanie za prac\u0119, kt\u00f3r\u0105 w\u0142o\u017cyli w przygotowanie si\u0119 do udzia\u0142u do&nbsp; konkursie.<\/p>\n\n\n\n<p>Konkurs ten sta\u0142 si\u0119 niezwykle wa\u017cny dla spo\u0142eczno\u015bci szkolnej&nbsp;w chwili, gdy poj\u0119li oni, i\u017c najwa\u017cniejsze, po odej\u015bciu Wielkiego Polaka, Papie\u017ca Jana Paw\u0142a II do domu Ojca, jest przekazanie nam- m\u0142odzie\u017cy tego, co po Nim pozosta\u0142o. Chodzi o wspania\u0142e my\u015bli, m\u0105dre nauczanie, dotycz\u0105ce tak wielu sfer ludzkiego \u017cycia.<br>Bez obawy mo\u017cna przypuszcza\u0107, \u017ce jeszcze przez wiele lat Konkurs Papieski&nbsp; b\u0119dzie kontynuowany. <\/p>\n\n\n\n<p class=\"has-text-align-right\">Alina Gajewska &#8211; przewodnicz\u0105ca Zespo\u0142u&nbsp; ds. Patrona<\/p>\n\n\n\n[ngg src=&#8221;galleries&#8221; ids=&#8221;49&#8243; display=&#8221;basic_thumbnail&#8221; thumbnail_crop=&#8221;0&#8243;]\n","protected":false},"excerpt":{"rendered":"<p>W dniu 23 kwietnia 2021 roku, w Szkole Podstawowej im. Jana Paw\u0142a II w Wo\u0142czynie, odby\u0142a si\u0119 XII edycja Mi\u0119dzyszkolnego Konkursu Papieskiego. Termin konkursu by\u0142 przek\u0142adany kilkakrotnie od ubieg\u0142ego roku, <a href=\"http:\/\/zs.wolczyn.pl\/sp\/xii-miedzyszkolny-konkurs-papieski\/\" class=\"read-more\">Czytaj dalej &#8230;<\/a><\/p>\n","protected":false},"author":1,"featured_media":0,"comment_status":"closed","ping_status":"open","sticky":false,"template":"","format":"standard","meta":{"footnotes":""},"categories":[36,3],"tags":[],"class_list":["post-2424","post","type-post","status-publish","format-standard","hentry","category-nasz-patron","category-events"],"_links":{"self":[{"href":"http:\/\/zs.wolczyn.pl\/sp\/wp-json\/wp\/v2\/posts\/2424","targetHints":{"allow":["GET"]}}],"collection":[{"href":"http:\/\/zs.wolczyn.pl\/sp\/wp-json\/wp\/v2\/posts"}],"about":[{"href":"http:\/\/zs.wolczyn.pl\/sp\/wp-json\/wp\/v2\/types\/post"}],"author":[{"embeddable":true,"href":"http:\/\/zs.wolczyn.pl\/sp\/wp-json\/wp\/v2\/users\/1"}],"replies":[{"embeddable":true,"href":"http:\/\/zs.wolczyn.pl\/sp\/wp-json\/wp\/v2\/comments?post=2424"}],"version-history":[{"count":0,"href":"http:\/\/zs.wolczyn.pl\/sp\/wp-json\/wp\/v2\/posts\/2424\/revisions"}],"wp:attachment":[{"href":"http:\/\/zs.wolczyn.pl\/sp\/wp-json\/wp\/v2\/media?parent=2424"}],"wp:term":[{"taxonomy":"category","embeddable":true,"href":"http:\/\/zs.wolczyn.pl\/sp\/wp-json\/wp\/v2\/categories?post=2424"},{"taxonomy":"post_tag","embeddable":true,"href":"http:\/\/zs.wolczyn.pl\/sp\/wp-json\/wp\/v2\/tags?post=2424"}],"curies":[{"name":"wp","href":"https:\/\/api.w.org\/{rel}","templated":true}]}}