{"id":2456,"date":"2021-04-30T05:23:28","date_gmt":"2021-04-30T05:23:28","guid":{"rendered":"http:\/\/zs.wolczyn.pl\/sp\/?p=2456"},"modified":"2021-04-30T05:23:43","modified_gmt":"2021-04-30T05:23:43","slug":"swieto-narodowe-w-rocznice-uchwalenia-konstytucji-3-maja","status":"publish","type":"post","link":"http:\/\/zs.wolczyn.pl\/sp\/swieto-narodowe-w-rocznice-uchwalenia-konstytucji-3-maja\/","title":{"rendered":"\u015awi\u0119to narodowe w rocznic\u0119 uchwalenia Konstytucji 3 Maja"},"content":{"rendered":"<p><strong><a href=\"http:\/\/zs.wolczyn.pl\/sp\/wp-content\/uploads\/2021\/04\/4.jpg\"><img loading=\"lazy\" decoding=\"async\" class=\"alignleft wp-image-2458 \" src=\"http:\/\/zs.wolczyn.pl\/sp\/wp-content\/uploads\/2021\/04\/4-218x300.jpg\" alt=\"\" width=\"157\" height=\"216\" srcset=\"http:\/\/zs.wolczyn.pl\/sp\/wp-content\/uploads\/2021\/04\/4-218x300.jpg 218w, http:\/\/zs.wolczyn.pl\/sp\/wp-content\/uploads\/2021\/04\/4.jpg 431w\" sizes=\"auto, (max-width: 157px) 100vw, 157px\" \/><\/a>Konstytucja<\/strong> to najwa\u017cniejszy dokument w pa\u0144stwie. Dzi\u0119ki niemu system w\u0142adzy, jej kontrola i wyb\u00f3r jest unormowany. Obywatele maj\u0105 prawa i wolno\u015bci, &nbsp;i mog\u0105 dochodzi\u0107 swoich praw w s\u0105dach. Pierwsza polska Konstytucja powsta\u0142a 3 maja 1791 roku i by\u0142a pierwsz\u0105 &nbsp;w Europie, a drug\u0105 na \u015bwiecie. Ju\u017c kilka dni po jej uchwaleniu &nbsp;przez Sejm Wielki dzie\u0144 3 Maja zosta\u0142 uznany za \u015bwi\u0119to narodowe.<\/p>\n<p>3 maja 1791 roku Sejm Wielki uchwali\u0142 konstytucj\u0119. By\u0142o to bardzo wa\u017cne wydarzenie. \u017beby zrozumie\u0107 znaczenie tego wydarzenia nale\u017cy zacz\u0105\u0107 od roku 1772-ego. By\u0142 to tragiczny czas w naszych dziejach, czas sojuszu Rosji, Austrii i Prus, kt\u00f3ry zaowocowa\u0142 pierwszym rozbiorem. Polsce zabrano znaczn\u0105 cz\u0119\u015b\u0107 swego terytorium.<\/p>\n<p><a href=\"http:\/\/zs.wolczyn.pl\/sp\/wp-content\/uploads\/2021\/04\/2.jpg\"><img loading=\"lazy\" decoding=\"async\" class=\"aligncenter size-large wp-image-2459\" src=\"http:\/\/zs.wolczyn.pl\/sp\/wp-content\/uploads\/2021\/04\/2-1024x688.jpg\" alt=\"\" width=\"640\" height=\"430\" srcset=\"http:\/\/zs.wolczyn.pl\/sp\/wp-content\/uploads\/2021\/04\/2-1024x688.jpg 1024w, http:\/\/zs.wolczyn.pl\/sp\/wp-content\/uploads\/2021\/04\/2-300x201.jpg 300w, http:\/\/zs.wolczyn.pl\/sp\/wp-content\/uploads\/2021\/04\/2-768x516.jpg 768w, http:\/\/zs.wolczyn.pl\/sp\/wp-content\/uploads\/2021\/04\/2-272x182.jpg 272w, http:\/\/zs.wolczyn.pl\/sp\/wp-content\/uploads\/2021\/04\/2.jpg 1072w\" sizes=\"auto, (max-width: 640px) 100vw, 640px\" \/><\/a><\/p>\n<p>Pod koniec XVIII-ego wieku dla ratowania gin\u0105cej Ojczyzny zebra\u0142 si\u0119 w Warszawie Sejm Wielki. W dniu 3 maja 1791 roku uchwali\u0142 Ustaw\u0119 Rz\u0105dow\u0105 zwan\u0105 potocznie Konstytucj\u0105 3 Maja. By\u0142a to druga, po konstytucji Stan\u00f3w Zjednoczonych, nowoczesna ustawa zasadnicza, kt\u00f3ra regulowa\u0142a podstawy ustroju Polski. Znosi\u0142a liberum veto i woln\u0105 elekcj\u0119, wprowadzi\u0142a dziedziczno\u015b\u0107 tronu. Umocni\u0142a&nbsp; w\u0142adz\u0119 centraln\u0105 i ograniczy\u0142a wp\u0142ywy magnaterii. Uznawa\u0142a konieczno\u015b\u0107 utrzymania stutysi\u0119cznej armii. Mia\u0142a sta\u0107 si\u0119 fundamentem pod budow\u0119 nowoczesnego i silnego pa\u0144stwa polskiego.<\/p>\n<p>Czy nar\u00f3d polski ucieszy\u0142 si\u0119 z uchwalenia Konstytucji?<\/p>\n<p>Konstytucja 3 Maja, zosta\u0142a entuzjastycznie przyj\u0119ta przez wi\u0119kszo\u015b\u0107 Polak\u00f3w. Mieszka\u0144cy Warszawy przez ca\u0142y dzie\u0144 wznosili okrzyki \u201ewiwat kr\u00f3l, wiwat nar\u00f3d, wiwat konstytucja\u201d. \u015awi\u0119towano nie tylko w Warszawie.<\/p>\n<p><a href=\"http:\/\/zs.wolczyn.pl\/sp\/wp-content\/uploads\/2021\/04\/3.jpg\"><img loading=\"lazy\" decoding=\"async\" class=\"aligncenter size-large wp-image-2460\" src=\"http:\/\/zs.wolczyn.pl\/sp\/wp-content\/uploads\/2021\/04\/3-1024x518.jpg\" alt=\"\" width=\"640\" height=\"324\" srcset=\"http:\/\/zs.wolczyn.pl\/sp\/wp-content\/uploads\/2021\/04\/3-1024x518.jpg 1024w, http:\/\/zs.wolczyn.pl\/sp\/wp-content\/uploads\/2021\/04\/3-300x152.jpg 300w, http:\/\/zs.wolczyn.pl\/sp\/wp-content\/uploads\/2021\/04\/3-768x388.jpg 768w, http:\/\/zs.wolczyn.pl\/sp\/wp-content\/uploads\/2021\/04\/3.jpg 1088w\" sizes=\"auto, (max-width: 640px) 100vw, 640px\" \/><\/a><\/p>\n<p>Niestety, w tym samym czasie na kresach Rzeczypospolitej w miasteczku Targowica zbierali si\u0119 magnaci d\u0105\u017c\u0105cy wraz z Katarzyn\u0105 II do obalenia nowego ustroju. Kilka miesi\u0119cy p\u00f3\u017aniej przej\u0119li w\u0142adz\u0119, uniewa\u017cniaj\u0105c wi\u0119kszo\u015b\u0107 ustaw Sejmu Wielkiego. By\u0142 to zarazem moment rozpoczynaj\u0105cy ostateczny upadek Rzeczypospolitej.<\/p>\n<p>W okresie mi\u0119dzywojennym dzie\u0144 3 maja zosta\u0142 uznany za \u015bwi\u0119to narodowe. W czasie II wojny \u015bwiatowej \u015awi\u0119to 3 Maja by\u0142o obchodzone przez oddzia\u0142y partyzanckie. W tym dniu urz\u0105dzano uroczyste sk\u0142adanie przysi\u0119gi i nadawano odznaczenia. Prasa podziemna drukowa\u0142a artyku\u0142y po\u015bwi\u0119cone uchwaleniu konstytucji majowej.<\/p>\n<p>&nbsp;W Polsce Ludowej nie obchodzono tego \u015bwi\u0119ta. Dopiero Sejm Trzeciej Rzeczpospolitej przywr\u00f3ci\u0142 Polakom to narodowe \u015bwi\u0119to. Uczniowie tego dnia nie maj\u0105 lekcji, a rodzice nie id\u0105 do pracy by godnie \u015bwi\u0119towa\u0107 rocznic\u0119 uchwalenia <strong>Konstytucji 3 Maja<\/strong> .&nbsp;&nbsp;&nbsp;&nbsp;&nbsp;&nbsp;&nbsp;&nbsp;&nbsp;&nbsp;&nbsp;&nbsp;&nbsp;&nbsp;&nbsp;&nbsp;&nbsp;&nbsp;&nbsp;&nbsp;&nbsp;&nbsp;&nbsp;&nbsp;&nbsp;&nbsp;&nbsp;&nbsp;&nbsp;&nbsp;&nbsp; .<\/p>\n","protected":false},"excerpt":{"rendered":"<p>Konstytucja to najwa\u017cniejszy dokument w pa\u0144stwie. Dzi\u0119ki niemu system w\u0142adzy, jej kontrola i wyb\u00f3r jest unormowany. Obywatele maj\u0105 prawa i wolno\u015bci, &nbsp;i mog\u0105 dochodzi\u0107 swoich praw w s\u0105dach. Pierwsza polska <a href=\"http:\/\/zs.wolczyn.pl\/sp\/swieto-narodowe-w-rocznice-uchwalenia-konstytucji-3-maja\/\" class=\"read-more\">Czytaj dalej &#8230;<\/a><\/p>\n","protected":false},"author":1,"featured_media":2445,"comment_status":"closed","ping_status":"open","sticky":false,"template":"","format":"standard","meta":{"footnotes":""},"categories":[3],"tags":[],"class_list":["post-2456","post","type-post","status-publish","format-standard","has-post-thumbnail","hentry","category-events"],"_links":{"self":[{"href":"http:\/\/zs.wolczyn.pl\/sp\/wp-json\/wp\/v2\/posts\/2456","targetHints":{"allow":["GET"]}}],"collection":[{"href":"http:\/\/zs.wolczyn.pl\/sp\/wp-json\/wp\/v2\/posts"}],"about":[{"href":"http:\/\/zs.wolczyn.pl\/sp\/wp-json\/wp\/v2\/types\/post"}],"author":[{"embeddable":true,"href":"http:\/\/zs.wolczyn.pl\/sp\/wp-json\/wp\/v2\/users\/1"}],"replies":[{"embeddable":true,"href":"http:\/\/zs.wolczyn.pl\/sp\/wp-json\/wp\/v2\/comments?post=2456"}],"version-history":[{"count":0,"href":"http:\/\/zs.wolczyn.pl\/sp\/wp-json\/wp\/v2\/posts\/2456\/revisions"}],"wp:featuredmedia":[{"embeddable":true,"href":"http:\/\/zs.wolczyn.pl\/sp\/wp-json\/wp\/v2\/media\/2445"}],"wp:attachment":[{"href":"http:\/\/zs.wolczyn.pl\/sp\/wp-json\/wp\/v2\/media?parent=2456"}],"wp:term":[{"taxonomy":"category","embeddable":true,"href":"http:\/\/zs.wolczyn.pl\/sp\/wp-json\/wp\/v2\/categories?post=2456"},{"taxonomy":"post_tag","embeddable":true,"href":"http:\/\/zs.wolczyn.pl\/sp\/wp-json\/wp\/v2\/tags?post=2456"}],"curies":[{"name":"wp","href":"https:\/\/api.w.org\/{rel}","templated":true}]}}