{"id":2473,"date":"2021-05-07T05:49:43","date_gmt":"2021-05-07T05:49:43","guid":{"rendered":"http:\/\/zs.wolczyn.pl\/sp\/?p=2473"},"modified":"2021-05-07T06:00:56","modified_gmt":"2021-05-07T06:00:56","slug":"aneks-nr-1","status":"publish","type":"post","link":"http:\/\/zs.wolczyn.pl\/sp\/aneks-nr-1\/","title":{"rendered":"Aneks nr 1"},"content":{"rendered":"\n<p class=\"has-text-align-left\"><em><strong>do dokumentu \u201eProcedury obowi\u0105zuj\u0105ce w\u00a0Zespole Szk\u00f3\u0142 w Wo\u0142czynie w okresie czasowego ograniczenia funkcjonowania Jednostek Systemu O\u015bwiaty w zwi\u0105zku z zapobieganiem, przeciwdzia\u0142aniem i\u00a0zwalczaniem COVID \u2013 19\u201d.<\/strong><\/em><\/p>\n\n\n\n<p class=\"has-text-align-right has-small-font-size\"><strong>Podstawa prawna &#8211; Rozporz\u0105dzenie Ministra Edukacji Narodowej z dnia 7.09.2020 r.<\/strong><\/p>\n\n\n\n<ol class=\"wp-block-list\" type=\"1\"><li>Podstawowym wymiarem czasu trwania poszczeg\u00f3lnych zaj\u0119\u0107 edukacyjnych dla nauczyciela jest 45 minut.<\/li><li>Skr\u00f3ceniu do 30 minut&nbsp; ulega czas pracy uczni\u00f3w na zaj\u0119ciach:<ul><li>muzyki<\/li><li>plastyki<\/li><li>techniki<\/li><li>informatyki<\/li><li>religii<\/li><li>edukacji dla bezpiecze\u0144stwa<\/li><li>doradztwa zawodowego<\/li><li>wiedzy o spo\u0142ecze\u0144stwie<\/li><li>wychowania fizycznego<\/li><li>wychowania do \u017cycia w rodzinie<\/li><li>z wychowawc\u0105<\/li><li>specjalistyczne z pedagogiem, logoped\u0105 i psychologiem<\/li><\/ul><\/li><li>Skr\u00f3ceniu do 30 minut ulega r\u00f3wnie\u017c godzina&nbsp; lekcyjna w edukacji wczesnoszkolnej oraz j\u0119zyka obcego i religii w klasach &nbsp;I-III.<\/li><li>Pozosta\u0142e 15 minut zaj\u0119\u0107 nauczyciel mo\u017ce wykorzysta\u0107 na:<ul><li>indywidualny kontakt z uczniem lub jego rodzicem<\/li><li>popraw\u0119 ocen przez uczni\u00f3w<\/li><li>inne czynno\u015bci zwi\u0105zane z lekcj\u0105<\/li><\/ul><\/li><\/ol>\n","protected":false},"excerpt":{"rendered":"<p>do dokumentu \u201eProcedury obowi\u0105zuj\u0105ce w\u00a0Zespole Szk\u00f3\u0142 w Wo\u0142czynie w okresie czasowego ograniczenia funkcjonowania Jednostek Systemu O\u015bwiaty w zwi\u0105zku z zapobieganiem, przeciwdzia\u0142aniem i\u00a0zwalczaniem COVID \u2013 19\u201d. Podstawa prawna &#8211; Rozporz\u0105dzenie Ministra <a href=\"http:\/\/zs.wolczyn.pl\/sp\/aneks-nr-1\/\" class=\"read-more\">Czytaj dalej &#8230;<\/a><\/p>\n","protected":false},"author":1,"featured_media":0,"comment_status":"closed","ping_status":"open","sticky":false,"template":"","format":"standard","meta":{"footnotes":""},"categories":[5],"tags":[],"class_list":["post-2473","post","type-post","status-publish","format-standard","hentry","category-documents"],"_links":{"self":[{"href":"http:\/\/zs.wolczyn.pl\/sp\/wp-json\/wp\/v2\/posts\/2473","targetHints":{"allow":["GET"]}}],"collection":[{"href":"http:\/\/zs.wolczyn.pl\/sp\/wp-json\/wp\/v2\/posts"}],"about":[{"href":"http:\/\/zs.wolczyn.pl\/sp\/wp-json\/wp\/v2\/types\/post"}],"author":[{"embeddable":true,"href":"http:\/\/zs.wolczyn.pl\/sp\/wp-json\/wp\/v2\/users\/1"}],"replies":[{"embeddable":true,"href":"http:\/\/zs.wolczyn.pl\/sp\/wp-json\/wp\/v2\/comments?post=2473"}],"version-history":[{"count":0,"href":"http:\/\/zs.wolczyn.pl\/sp\/wp-json\/wp\/v2\/posts\/2473\/revisions"}],"wp:attachment":[{"href":"http:\/\/zs.wolczyn.pl\/sp\/wp-json\/wp\/v2\/media?parent=2473"}],"wp:term":[{"taxonomy":"category","embeddable":true,"href":"http:\/\/zs.wolczyn.pl\/sp\/wp-json\/wp\/v2\/categories?post=2473"},{"taxonomy":"post_tag","embeddable":true,"href":"http:\/\/zs.wolczyn.pl\/sp\/wp-json\/wp\/v2\/tags?post=2473"}],"curies":[{"name":"wp","href":"https:\/\/api.w.org\/{rel}","templated":true}]}}