{"id":2493,"date":"2021-05-11T06:05:03","date_gmt":"2021-05-11T06:05:03","guid":{"rendered":"http:\/\/zs.wolczyn.pl\/sp\/?p=2493"},"modified":"2021-05-11T06:05:17","modified_gmt":"2021-05-11T06:05:17","slug":"harmonogram-zajec-lekcyjnych-w-systemie-hybrydowym","status":"publish","type":"post","link":"http:\/\/zs.wolczyn.pl\/sp\/harmonogram-zajec-lekcyjnych-w-systemie-hybrydowym\/","title":{"rendered":"HARMONOGRAM ZAJ\u0118\u0106 LEKCYJNYCH W SYSTEMIE HYBRYDOWYM"},"content":{"rendered":"\n<figure class=\"wp-block-table aligncenter is-style-regular\"><table><thead><tr><th><strong>DATA<\/strong><\/th><th><strong>DZIE\u0143 TYGODNIA<\/strong><\/th><th class=\"has-text-align-center\" data-align=\"center\"><strong>ZAJ\u0118CIA W SZKOLE<\/strong> <strong><em>(klasy)<\/em><\/strong><\/th><th class=\"has-text-align-center\" data-align=\"center\"><strong>ZAJ\u0118CIA W DOMU<\/strong> <strong><em>(klasy)<\/em><\/strong><\/th><\/tr><\/thead><tbody><tr><td>17.05.2021<\/td><td>poniedzia\u0142ek<\/td><td class=\"has-text-align-center\" data-align=\"center\">4a, 4b, 4c, 5a, 6a, 6b, 6c, 6d, 8a, 8b, 8c, 8d, I LO, II LO(3)<\/td><td class=\"has-text-align-center\" data-align=\"center\">7a, 7b, 7c, 7d, 7e, 7f, II LO(4)<\/td><\/tr><tr><td>18.05.2021<\/td><td>wtorek<\/td><td class=\"has-text-align-center\" data-align=\"center\">4a, 4b, 4c, 5a, 6a, 6b, 6c, 6d, 8a, 8b, 8c, 8d, I LO, II LO(3)<\/td><td class=\"has-text-align-center\" data-align=\"center\">7a, 7b, 7c, 7d, 7e, 7f, II LO(4)<\/td><\/tr><tr><td>19.05.2021<\/td><td>\u015broda<\/td><td class=\"has-text-align-center\" data-align=\"center\">4a, 4b, 4c, 5a, 6a, 6b, 6c, 6d, 8a, 8b, 8c, 8d, I LO, II LO(3)<\/td><td class=\"has-text-align-center\" data-align=\"center\">7a, 7b, 7c, 7d, 7e, 7f, II LO(4)<\/td><\/tr><tr><td>20.05.2021<\/td><td>czwartek<\/td><td class=\"has-text-align-center\" data-align=\"center\">7a, 7b, 7c, 7d, 7e, 7f, 8a, 8b, 8c, 8d, II LO(3) II LO(4)<\/td><td class=\"has-text-align-center\" data-align=\"center\">4a, 4b, 4c, 5a, 6a, 6b, 6c, 6d, I LO,<\/td><\/tr><tr><td>21.05.2021<\/td><td>pi\u0105tek<\/td><td class=\"has-text-align-center\" data-align=\"center\">7a, 7b, 7c, 7d, 7e, 7f, 8a, 8b, 8c, 8d, II LO(3) II LO(4)<\/td><td class=\"has-text-align-center\" data-align=\"center\">4a, 4b, 4c, 5a, 6a, 6b, 6c, 6d, I LO,<\/td><\/tr><tr><td>24.05.2021<\/td><td>poniedzia\u0142ek<\/td><td class=\"has-text-align-center\" data-align=\"center\">4a, 4b, 4c, 7a, 7b, 7c, 7d, 7e, 7f, I LO, II LO(3), II LO(4)<\/td><td class=\"has-text-align-center\" data-align=\"center\">5a, 6a, 6b, 6c, 6d, 8a, 8b, 8c, 8d,<\/td><\/tr><tr><td>25.05.2021<\/td><td>wtorek<\/td><td class=\"has-text-align-center\" data-align=\"center\">I LO, II LO(3), II LO(4)<\/td><td class=\"has-text-align-center\" data-align=\"center\">&#8212;&#8212;&#8212;&#8212;&#8212;&#8212;&#8212;&#8211;<\/td><\/tr><tr><td>26.05.2021<\/td><td>\u015broda<\/td><td class=\"has-text-align-center\" data-align=\"center\">I LO, II LO(3), II LO(4)<\/td><td class=\"has-text-align-center\" data-align=\"center\">&#8212;&#8212;&#8212;&#8212;&#8212;&#8212;&#8212;&#8211;<\/td><\/tr><tr><td>27.05.2021<\/td><td>czwartek<\/td><td class=\"has-text-align-center\" data-align=\"center\">I LO, II LO(3), II LO(4)<\/td><td class=\"has-text-align-center\" data-align=\"center\">&#8212;&#8212;&#8212;&#8212;&#8212;&#8212;&#8212;&#8211;<\/td><\/tr><tr><td>28.05.2021<\/td><td>pi\u0105tek<\/td><td class=\"has-text-align-center\" data-align=\"center\">4a, 4b, 4c, 7a, 7b, 7c, 7d, 7e, 7f, I LO, II LO(3), II LO(4)<\/td><td class=\"has-text-align-center\" data-align=\"center\">5a, 6a, 6b, 6c, 6d, 8a, 8b, 8c, 8d,<\/td><\/tr><\/tbody><\/table><\/figure>\n\n\n\n<p><strong>Dodatkowe informacje:<\/strong><\/p>\n\n\n\n<ol class=\"wp-block-list\" type=\"1\"><li>W dniach 25-27.05.2021 <strong><u>uczniowie klas I \u2013 VII<\/u><\/strong> maj\u0105 dni wolne od zaj\u0119\u0107 lekcyjnych (egzamin \u00f3smoklasisty). W tych dniach uczniowie liceum maj\u0105 zaj\u0119cia stacjonarne wed\u0142ug planu.<\/li><li>Podczas nauki w szkole klasy przypisane s\u0105 do sta\u0142ych pracowni, tak jak we wrze\u015bniu 2020 r.<\/li><\/ol>\n\n\n\n<p><\/p>\n","protected":false},"excerpt":{"rendered":"<p>DATA DZIE\u0143 TYGODNIA ZAJ\u0118CIA W SZKOLE (klasy) ZAJ\u0118CIA W DOMU (klasy) 17.05.2021 poniedzia\u0142ek 4a, 4b, 4c, 5a, 6a, 6b, 6c, 6d, 8a, 8b, 8c, 8d, I LO, II LO(3) 7a, <a href=\"http:\/\/zs.wolczyn.pl\/sp\/harmonogram-zajec-lekcyjnych-w-systemie-hybrydowym\/\" class=\"read-more\">Czytaj dalej &#8230;<\/a><\/p>\n","protected":false},"author":1,"featured_media":0,"comment_status":"closed","ping_status":"open","sticky":false,"template":"","format":"standard","meta":{"footnotes":""},"categories":[5],"tags":[],"class_list":["post-2493","post","type-post","status-publish","format-standard","hentry","category-documents"],"_links":{"self":[{"href":"http:\/\/zs.wolczyn.pl\/sp\/wp-json\/wp\/v2\/posts\/2493","targetHints":{"allow":["GET"]}}],"collection":[{"href":"http:\/\/zs.wolczyn.pl\/sp\/wp-json\/wp\/v2\/posts"}],"about":[{"href":"http:\/\/zs.wolczyn.pl\/sp\/wp-json\/wp\/v2\/types\/post"}],"author":[{"embeddable":true,"href":"http:\/\/zs.wolczyn.pl\/sp\/wp-json\/wp\/v2\/users\/1"}],"replies":[{"embeddable":true,"href":"http:\/\/zs.wolczyn.pl\/sp\/wp-json\/wp\/v2\/comments?post=2493"}],"version-history":[{"count":0,"href":"http:\/\/zs.wolczyn.pl\/sp\/wp-json\/wp\/v2\/posts\/2493\/revisions"}],"wp:attachment":[{"href":"http:\/\/zs.wolczyn.pl\/sp\/wp-json\/wp\/v2\/media?parent=2493"}],"wp:term":[{"taxonomy":"category","embeddable":true,"href":"http:\/\/zs.wolczyn.pl\/sp\/wp-json\/wp\/v2\/categories?post=2493"},{"taxonomy":"post_tag","embeddable":true,"href":"http:\/\/zs.wolczyn.pl\/sp\/wp-json\/wp\/v2\/tags?post=2493"}],"curies":[{"name":"wp","href":"https:\/\/api.w.org\/{rel}","templated":true}]}}