{"id":2506,"date":"2021-05-14T10:11:45","date_gmt":"2021-05-14T10:11:45","guid":{"rendered":"http:\/\/zs.wolczyn.pl\/sp\/?p=2506"},"modified":"2024-10-15T11:24:41","modified_gmt":"2024-10-15T11:24:41","slug":"jan-pawel-ii-zaatakowany","status":"publish","type":"post","link":"http:\/\/zs.wolczyn.pl\/sp\/jan-pawel-ii-zaatakowany\/","title":{"rendered":"Jan Pawe\u0142 II \u2013 \u201e(ZA)ATAKOWANY\u201d"},"content":{"rendered":"<p><a href=\"http:\/\/zs.wolczyn.pl\/sp\/jan-pawel-ii\/\"><img loading=\"lazy\" decoding=\"async\" class=\"alignleft wp-image-1709 \" src=\"http:\/\/zs.wolczyn.pl\/sp\/wp-content\/uploads\/2020\/05\/Jan-Pawe\u0142-II-213x300.jpg\" alt=\"\" width=\"122\" height=\"172\" srcset=\"http:\/\/zs.wolczyn.pl\/sp\/wp-content\/uploads\/2020\/05\/Jan-Pawe\u0142-II-213x300.jpg 213w, http:\/\/zs.wolczyn.pl\/sp\/wp-content\/uploads\/2020\/05\/Jan-Pawe\u0142-II.jpg 363w\" sizes=\"auto, (max-width: 122px) 100vw, 122px\" \/><\/a>40 lat temu, 13 maja 1981 roku, mia\u0142 miejsce zamach na \u017cycie Jana Paw\u0142a II. Podczas audiencji generalnej na placu \u015bw. Piotra w Rzymie, o godz. 17.19 uzbrojony napastnik Ali Agca, odda\u0142 w stron\u0119 Ojca \u015awi\u0119tego strza\u0142y. Wybuch\u0142a panika, a papie\u017ca, ci\u0119\u017cko ranionego w brzuch i w r\u0119k\u0119 natychmiast przewieziono do kliniki w Gemelli, gdzie rozpocz\u0119\u0142a si\u0119 kilkugodzinna walka o jego \u017cycie. <strong>Ca\u0142y \u015bwiat zwr\u00f3ci\u0142 swe oczy ku Stolicy Piotrowej i w ogromnym napi\u0119ciu \u015bledzi\u0142 nap\u0142ywaj\u0105ce doniesienia. Wszyscy zadawali sobie pytanie, czy Jan Pawe\u0142 II prze\u017cyje?<\/strong><\/p>\n<p><strong>Prezentujemy Pa\u0144stwu pierwsz\u0105 z sze\u015bciu animacji o Janie Pawle II z cyklu \u201e(ZA)ATAKOWANY\u201d. Te kr\u00f3tkie filmiki maj\u0105 na celu przypomnie\u0107 Nam jak wielkim cz\u0142owiekiem, autorytetem by\u0142 \u015awi\u0119ty Jan Pawe\u0142 II oraz jak swoj\u0105 mi\u0142o\u015bci\u0105 i swoim s\u0142owem kruszy\u0142 najtwardsze serca, maj\u0105c wp\u0142yw na dzieje zapisane na kartach historii. Papie\u017c atakowany by\u0142 kiedy\u015b i atakowany jest dzi\u015b. Dlatego powinni\u015bmy przez pami\u0119\u0107 od\u0142amywa\u0107 to co zak\u0142amane. Ju\u017c wkr\u00f3tce zapraszamy na witryn\u0119 nowego czasopisma WychowujMy. <\/strong><\/p>\n<p><a href=\"https:\/\/wychowujmy.pl\/\" target=\"_blank\" rel=\"noopener\">link do animacji<\/a><\/p>\n<p><strong>Kard. Stanis\u0142aw Dziwisz, wieloletni sekretarz Jana Paw\u0142a II m\u00f3wi o zamachu&nbsp; z 13 maja 1981 roku: <\/strong>niekt\u00f3rzy obawiali si\u0119 Jana Paw\u0142a II,&nbsp; poniewa\u017c uznano go za niebezpiecznego ze wzgl\u0119du na g\u0142oszone przez niego przes\u0142anie. Panowa\u0142o wtedy prze\u015bwiadczenie, \u017ce przysz\u0142o\u015b\u0107 nale\u017cy do marksizmu, a komunizm rozprzestrzenia\u0142 si\u0119 w Europie. &nbsp;Jan Pawe\u0142 II wszystko to odwr\u00f3ci\u0142. Stwierdzi\u0142, \u017ce przysz\u0142o\u015b\u0107 nale\u017cy do solidarno\u015bci mi\u0119dzyludzkiej, mi\u0142o\u015bci, sprawiedliwo\u015bci, wolno\u015bci sumienia, cz\u0142owieka i narod\u00f3w.<\/p>\n<p>Zapraszamy do obejrzenia.<\/p>\n","protected":false},"excerpt":{"rendered":"<p>40 lat temu, 13 maja 1981 roku, mia\u0142 miejsce zamach na \u017cycie Jana Paw\u0142a II. Podczas audiencji generalnej na placu \u015bw. Piotra w Rzymie, o godz. 17.19 uzbrojony napastnik Ali <a href=\"http:\/\/zs.wolczyn.pl\/sp\/jan-pawel-ii-zaatakowany\/\" class=\"read-more\">Czytaj dalej &#8230;<\/a><\/p>\n","protected":false},"author":1,"featured_media":2507,"comment_status":"closed","ping_status":"open","sticky":false,"template":"","format":"standard","meta":{"footnotes":""},"categories":[36,3],"tags":[],"class_list":["post-2506","post","type-post","status-publish","format-standard","has-post-thumbnail","hentry","category-nasz-patron","category-events"],"_links":{"self":[{"href":"http:\/\/zs.wolczyn.pl\/sp\/wp-json\/wp\/v2\/posts\/2506","targetHints":{"allow":["GET"]}}],"collection":[{"href":"http:\/\/zs.wolczyn.pl\/sp\/wp-json\/wp\/v2\/posts"}],"about":[{"href":"http:\/\/zs.wolczyn.pl\/sp\/wp-json\/wp\/v2\/types\/post"}],"author":[{"embeddable":true,"href":"http:\/\/zs.wolczyn.pl\/sp\/wp-json\/wp\/v2\/users\/1"}],"replies":[{"embeddable":true,"href":"http:\/\/zs.wolczyn.pl\/sp\/wp-json\/wp\/v2\/comments?post=2506"}],"version-history":[{"count":0,"href":"http:\/\/zs.wolczyn.pl\/sp\/wp-json\/wp\/v2\/posts\/2506\/revisions"}],"wp:featuredmedia":[{"embeddable":true,"href":"http:\/\/zs.wolczyn.pl\/sp\/wp-json\/wp\/v2\/media\/2507"}],"wp:attachment":[{"href":"http:\/\/zs.wolczyn.pl\/sp\/wp-json\/wp\/v2\/media?parent=2506"}],"wp:term":[{"taxonomy":"category","embeddable":true,"href":"http:\/\/zs.wolczyn.pl\/sp\/wp-json\/wp\/v2\/categories?post=2506"},{"taxonomy":"post_tag","embeddable":true,"href":"http:\/\/zs.wolczyn.pl\/sp\/wp-json\/wp\/v2\/tags?post=2506"}],"curies":[{"name":"wp","href":"https:\/\/api.w.org\/{rel}","templated":true}]}}