{"id":2517,"date":"2021-05-20T10:19:11","date_gmt":"2021-05-20T10:19:11","guid":{"rendered":"http:\/\/zs.wolczyn.pl\/sp\/?p=2517"},"modified":"2021-05-20T10:21:36","modified_gmt":"2021-05-20T10:21:36","slug":"2517-2","status":"publish","type":"post","link":"http:\/\/zs.wolczyn.pl\/sp\/2517-2\/","title":{"rendered":"Konkurs rozstrzygni\u0119ty"},"content":{"rendered":"<p>W miesi\u0105cu kwietniu zosta\u0142 og\u0142oszony konkurs dla uczni\u00f3w klas IV-VIII na stworzenie grafiki lub mema zwi\u0105zanego z osob\u0105 patrona szko\u0142y czyli&nbsp; \u015bw. Jana Paw\u0142a II.<\/p>\n<p>Celem konkursu by\u0142o&nbsp; propagowanie my\u015bli Papie\u017ca Polaka w formie wsp\u00f3\u0142czesnej grafiki.<\/p>\n<p>Rozstrzygni\u0119cie konkursu odby\u0142o si\u0119 18 maja 2021r, w dzie\u0144&nbsp; 101 rocznicy urodzin&nbsp; Wielkiego Polaka .<\/p>\n<p>Jury w sk\u0142adzie:<\/p>\n<p><strong>Przewodnicz\u0105ca: <\/strong><\/p>\n<p><strong><em>-mgr E. W\u0142os<\/em><\/strong><\/p>\n<p><strong>Cz\u0142onkowie:<\/strong><\/p>\n<p><strong><em>-mgr A. Kania, mgr A. Nita, mgr G. Mrozek, br. M. Skoczylas<\/em><\/strong> oceni\u0142a prace w nast\u0119puj\u0105cy spos\u00f3b:<\/p>\n<p>&nbsp;<\/p>\n<p><em>w kategorii mem : <\/em><strong>I miejsce \u2013 Kacper Kossak kl. VIII b<\/strong><\/p>\n<p><em>w&nbsp; kategorii grafika: <\/em><strong>I miejsce- Zuzanna St\u0119\u017ca\u0142y kl. VII d<\/strong><\/p>\n<p><strong>&nbsp;<\/strong><\/p>\n<p><strong>Wyr\u00f3\u017cnienie:<\/strong><\/p>\n<p>Filip Michalewski<\/p>\n<p>Karolina Kurczewska<\/p>\n<p>Marceli Dunaj<\/p>\n<p>Milena Zab\u0142ocka<\/p>\n<p>Oliwia Cie\u015blicka<\/p>\n<p>&nbsp;<\/p>\n<p>Prace by\u0142y dojrza\u0142e i dopracowane artystycznie \u2013 oce\u0144cie sami.<\/p>\n[ngg src=&#8221;galleries&#8221; ids=&#8221;50&#8243; display=&#8221;basic_slideshow&#8221; arrows=&#8221;1&#8243; transition_speed=&#8221;400&#8243;]\n\n\n<p><\/p>\n","protected":false},"excerpt":{"rendered":"<p>W miesi\u0105cu kwietniu zosta\u0142 og\u0142oszony konkurs dla uczni\u00f3w klas IV-VIII na stworzenie grafiki lub mema zwi\u0105zanego z osob\u0105 patrona szko\u0142y czyli&nbsp; \u015bw. Jana Paw\u0142a II. Celem konkursu by\u0142o&nbsp; propagowanie my\u015bli <a href=\"http:\/\/zs.wolczyn.pl\/sp\/2517-2\/\" class=\"read-more\">Czytaj dalej &#8230;<\/a><\/p>\n","protected":false},"author":1,"featured_media":2526,"comment_status":"closed","ping_status":"open","sticky":false,"template":"","format":"standard","meta":{"footnotes":""},"categories":[3],"tags":[],"class_list":["post-2517","post","type-post","status-publish","format-standard","has-post-thumbnail","hentry","category-events"],"_links":{"self":[{"href":"http:\/\/zs.wolczyn.pl\/sp\/wp-json\/wp\/v2\/posts\/2517","targetHints":{"allow":["GET"]}}],"collection":[{"href":"http:\/\/zs.wolczyn.pl\/sp\/wp-json\/wp\/v2\/posts"}],"about":[{"href":"http:\/\/zs.wolczyn.pl\/sp\/wp-json\/wp\/v2\/types\/post"}],"author":[{"embeddable":true,"href":"http:\/\/zs.wolczyn.pl\/sp\/wp-json\/wp\/v2\/users\/1"}],"replies":[{"embeddable":true,"href":"http:\/\/zs.wolczyn.pl\/sp\/wp-json\/wp\/v2\/comments?post=2517"}],"version-history":[{"count":0,"href":"http:\/\/zs.wolczyn.pl\/sp\/wp-json\/wp\/v2\/posts\/2517\/revisions"}],"wp:featuredmedia":[{"embeddable":true,"href":"http:\/\/zs.wolczyn.pl\/sp\/wp-json\/wp\/v2\/media\/2526"}],"wp:attachment":[{"href":"http:\/\/zs.wolczyn.pl\/sp\/wp-json\/wp\/v2\/media?parent=2517"}],"wp:term":[{"taxonomy":"category","embeddable":true,"href":"http:\/\/zs.wolczyn.pl\/sp\/wp-json\/wp\/v2\/categories?post=2517"},{"taxonomy":"post_tag","embeddable":true,"href":"http:\/\/zs.wolczyn.pl\/sp\/wp-json\/wp\/v2\/tags?post=2517"}],"curies":[{"name":"wp","href":"https:\/\/api.w.org\/{rel}","templated":true}]}}