{"id":2549,"date":"2021-06-02T10:25:54","date_gmt":"2021-06-02T10:25:54","guid":{"rendered":"http:\/\/zs.wolczyn.pl\/sp\/?p=2549"},"modified":"2024-10-15T11:22:36","modified_gmt":"2024-10-15T11:22:36","slug":"xii-gminny-konkurs-wiedzy-religijnej-jan-pawel-ii-wielki-polak","status":"publish","type":"post","link":"http:\/\/zs.wolczyn.pl\/sp\/xii-gminny-konkurs-wiedzy-religijnej-jan-pawel-ii-wielki-polak\/","title":{"rendered":"XII Gminny  Konkurs  Wiedzy Religijnej &#8211; \u201eJan Pawe\u0142 II &#8211; Wielki Polak\u201d"},"content":{"rendered":"<p>31 maja 2021r. odby\u0142a si\u0119 XII ju\u017c edycja Gminnego Konkursu&nbsp; Wiedzy Religijnej, kt\u00f3ry ma swoj\u0105 tradycj\u0119 i cieszy si\u0119 du\u017cym zainteresowaniem ze strony uczni\u00f3w. W tym roku przebiega\u0142 on pod has\u0142em <em>\u201eJan Pawe\u0142 II &#8211; Wielki Polak\u201d<\/em>. Celem tego konkursu jest przybli\u017canie uczniom sylwetek \u015bwi\u0119tych, pokazanie im postaw godnych na\u015bladowania, a tak\u017ce kszta\u0142towanie warto\u015bci chrze\u015bcija\u0144skich.<br \/>\n&nbsp;&nbsp;&nbsp;&nbsp;&nbsp;&nbsp;&nbsp;&nbsp; Gminny Konkurs&nbsp; Wiedzy Religijnej zosta\u0142 zapocz\u0105tkowany przez katechetk\u0119 pani\u0105 Ann\u0119 Nit\u0119, poprzednio pracuj\u0105c\u0105 w Szkole Podstawowej Nr 1 w Wo\u0142czynie. Po reorganizacji szk\u00f3\u0142 w gminie Wo\u0142czyn i powstaniu jednej Szko\u0142y Podstawowej im. Jana Paw\u0142a II w Wo\u0142czynie, konkurs jest kontynuowany w podobnej formule i sta\u0142 si\u0119 kolejn\u0105 tradycj\u0105 szko\u0142y. Patronatami tego przedsi\u0119wzi\u0119cia byli i s\u0105 dyrektorzy szko\u0142y oraz kolejni proboszczowie naszej parafii wraz z bra\u0107mi-katechetami i osobami, ucz\u0105cymi religii. Postaci\u0105 inauguruj\u0105c\u0105 gminny konkurs w 2008 roku by\u0142a Jan Pawe\u0142 II. Uczniowie&nbsp; w formie pisemnej odpowiadali na pytania dotycz\u0105ce biografii, tw\u00f3rczo\u015bci i duszpasterstwa w\u00f3wczas jeszcze S\u0142ugi Bo\u017cego Jana Paw\u0142a II.W kolejnych latach postaciami, kt\u00f3re patronowa\u0142y poszczeg\u00f3lnym edycjom konkursu byli:<\/p>\n<ol>\n<li>\u015awi\u0119ty Franciszek (2009 rok)<\/li>\n<li>\u015awi\u0119ty Jan Maria Vianney (2010 rok)<\/li>\n<li>\u015awi\u0119ta El\u017cbieta (2011 rok)<\/li>\n<li>\u015awi\u0119ty o. Pio (2012 rok)<\/li>\n<li>\u015awi\u0119ta Teresa od Dzieci\u0105tka Jezus (2013 r.)<\/li>\n<li>\u015awi\u0119ty Stanis\u0142aw Kostka (2014 rok)<\/li>\n<li>B\u0142ogos\u0142awiona Maria Merkert (2015 rok)<\/li>\n<li>\u015awi\u0119ta Faustyna Kowalska (2016 rok)<\/li>\n<li>\u015awi\u0119ty Brat Albert Chmielowski (2017 rok)<\/li>\n<li>\u015awi\u0119ty Jan Bosko (2018 rok)<\/li>\n<li>\u015awi\u0119ty Maksymilian Maria Kolbe (2019 rok)<\/li>\n<li>\u015awi\u0119ty Jan Pawe\u0142 II &#8211; Wielki Polak (2021 rok)<\/li>\n<\/ol>\n<p>Przyby\u0142ych go\u015bci &#8211; dru\u017cyny i opiekun\u00f3w&nbsp; powita\u0142a dyrektor szko\u0142y, Ewa W\u0142os, kt\u00f3ra zwr\u00f3ci\u0142a szczeg\u00f3ln\u0105 uwag\u0119 na dziedzictwo \u015awi\u0119tego Jana Paw\u0142a II, nast\u0119pnie &nbsp;\u017cyczy\u0142a wszystkim uczestnikom sukces\u00f3w&nbsp; w zmaganiach konkursowych.<\/p>\n<p>W tym roku udzia\u0142 &nbsp;w konkursie wzi\u0119\u0142y dru\u017cyny z pi\u0119ciu szk\u00f3\u0142 podstawowych naszej gminy.<br \/>\nPo zako\u0144czeniu rozwi\u0105zywania test\u00f3w, jury w sk\u0142adzie:<\/p>\n<p>przewodnicz\u0105cy \u2013 br. Tomasz Duszyc, cz\u0142onkowie &#8211;&nbsp; p. Alicja Kania i p. Alina Gajewska sprawdzi\u0142y prace, a nast\u0119pnie przewodnicz\u0105cy komisji og\u0142osi\u0142 werdykt.<\/p>\n<p>I miejsce-Szko\u0142a Podstawowa im. Jana Paw\u0142a II w Wo\u0142czynie<\/p>\n<p>II miejsce-Szko\u0142a Podstawowa w Ska\u0142\u0105gach<\/p>\n<p>III miejsce-Szko\u0142a Podstawowa w Wierzbicy G\u00f3rnej<\/p>\n<p>IV miejsce Szko\u0142a Podstawowa w Komorznie<\/p>\n<p>V miejsce Szko\u0142a Podstawowa w W\u0105sicach<\/p>\n<p>[ngg src=&#8221;galleries&#8221; ids=&#8221;51&#8243; display=&#8221;basic_thumbnail&#8221; thumbnail_crop=&#8221;0&#8243; number_of_columns=&#8221;4&#8243; show_slideshow_link=&#8221;1&#8243; slideshow_link_text=&#8221;Pokaz slajd\u00f3w&#8221;]Wszyscy uczestnicy zostali nagrodzeni nagrodami, ufundowanymi przez: Bank Sp\u00f3\u0142dzielczy w Wo\u0142czynie, Lesaffre Polska S.A. oraz przez Instytut My\u015bli Jana Paw\u0142a II w Warszawie. Ponadto wr\u0119czono nagrody zwyci\u0119zcom konkurs\u00f3w plastycznych oraz graficznych, kt\u00f3re zosta\u0142y przeprowadzone i rozstrzygni\u0119te we wcze\u015bniejszym terminie, ale sytuacja pandemiczna uniemo\u017cliwi\u0142a nagrodzenie zwyci\u0119zc\u00f3w.<\/p>\n<p>[ngg src=&#8221;galleries&#8221; ids=&#8221;52&#8243; display=&#8221;basic_slideshow&#8221; arrows=&#8221;1&#8243;]<\/p>\n<p style=\"text-align: left;\">&nbsp;&nbsp;&nbsp;&nbsp;&nbsp;&nbsp;&nbsp;&nbsp;&nbsp;&nbsp;&nbsp;&nbsp;&nbsp; Na koniec pani dyrektor wyrazi\u0142a uznanie i podzi\u0119kowa\u0142a wszystkim, kt\u00f3rzy w\u0142o\u017cyli wiele trudu w dzie\u0142o wychowania m\u0142odego pokolenia, w tej prawdzie, kt\u00f3r\u0105 przekaza\u0142 nam \u015aWI\u0118TY JAN PAWE\u0141 II.<\/p>\n<p style=\"text-align: right;\">Przewodnicz\u0105ca Zespo\u0142u ds. Patrona<\/p>\n","protected":false},"excerpt":{"rendered":"<p>31 maja 2021r. odby\u0142a si\u0119 XII ju\u017c edycja Gminnego Konkursu&nbsp; Wiedzy Religijnej, kt\u00f3ry ma swoj\u0105 tradycj\u0119 i cieszy si\u0119 du\u017cym zainteresowaniem ze strony uczni\u00f3w. W tym roku przebiega\u0142 on pod <a href=\"http:\/\/zs.wolczyn.pl\/sp\/xii-gminny-konkurs-wiedzy-religijnej-jan-pawel-ii-wielki-polak\/\" class=\"read-more\">Czytaj dalej &#8230;<\/a><\/p>\n","protected":false},"author":1,"featured_media":2591,"comment_status":"closed","ping_status":"open","sticky":false,"template":"","format":"standard","meta":{"footnotes":""},"categories":[36,3],"tags":[],"class_list":["post-2549","post","type-post","status-publish","format-standard","has-post-thumbnail","hentry","category-nasz-patron","category-events"],"_links":{"self":[{"href":"http:\/\/zs.wolczyn.pl\/sp\/wp-json\/wp\/v2\/posts\/2549","targetHints":{"allow":["GET"]}}],"collection":[{"href":"http:\/\/zs.wolczyn.pl\/sp\/wp-json\/wp\/v2\/posts"}],"about":[{"href":"http:\/\/zs.wolczyn.pl\/sp\/wp-json\/wp\/v2\/types\/post"}],"author":[{"embeddable":true,"href":"http:\/\/zs.wolczyn.pl\/sp\/wp-json\/wp\/v2\/users\/1"}],"replies":[{"embeddable":true,"href":"http:\/\/zs.wolczyn.pl\/sp\/wp-json\/wp\/v2\/comments?post=2549"}],"version-history":[{"count":0,"href":"http:\/\/zs.wolczyn.pl\/sp\/wp-json\/wp\/v2\/posts\/2549\/revisions"}],"wp:featuredmedia":[{"embeddable":true,"href":"http:\/\/zs.wolczyn.pl\/sp\/wp-json\/wp\/v2\/media\/2591"}],"wp:attachment":[{"href":"http:\/\/zs.wolczyn.pl\/sp\/wp-json\/wp\/v2\/media?parent=2549"}],"wp:term":[{"taxonomy":"category","embeddable":true,"href":"http:\/\/zs.wolczyn.pl\/sp\/wp-json\/wp\/v2\/categories?post=2549"},{"taxonomy":"post_tag","embeddable":true,"href":"http:\/\/zs.wolczyn.pl\/sp\/wp-json\/wp\/v2\/tags?post=2549"}],"curies":[{"name":"wp","href":"https:\/\/api.w.org\/{rel}","templated":true}]}}