{"id":2593,"date":"2021-06-07T06:20:03","date_gmt":"2021-06-07T06:20:03","guid":{"rendered":"http:\/\/zs.wolczyn.pl\/sp\/?p=2593"},"modified":"2021-06-07T06:20:48","modified_gmt":"2021-06-07T06:20:48","slug":"literacko-o-sporcie","status":"publish","type":"post","link":"http:\/\/zs.wolczyn.pl\/sp\/literacko-o-sporcie\/","title":{"rendered":"Literacko o sporcie"},"content":{"rendered":"<p><a href=\"http:\/\/zs.wolczyn.pl\/sp\/wp-content\/uploads\/2021\/06\/fotka.jpg\"><img loading=\"lazy\" decoding=\"async\" class=\" wp-image-2594 alignleft\" src=\"http:\/\/zs.wolczyn.pl\/sp\/wp-content\/uploads\/2021\/06\/fotka-300x225.jpg\" alt=\"\" width=\"356\" height=\"267\" srcset=\"http:\/\/zs.wolczyn.pl\/sp\/wp-content\/uploads\/2021\/06\/fotka-300x225.jpg 300w, http:\/\/zs.wolczyn.pl\/sp\/wp-content\/uploads\/2021\/06\/fotka-1024x768.jpg 1024w, http:\/\/zs.wolczyn.pl\/sp\/wp-content\/uploads\/2021\/06\/fotka-768x576.jpg 768w, http:\/\/zs.wolczyn.pl\/sp\/wp-content\/uploads\/2021\/06\/fotka-1536x1152.jpg 1536w, http:\/\/zs.wolczyn.pl\/sp\/wp-content\/uploads\/2021\/06\/fotka.jpg 2000w\" sizes=\"auto, (max-width: 356px) 100vw, 356px\" \/><\/a>Lena, Marcelina i Karolina odebra\u0142y nagrody w og\u00f3lnopolskim konkursie literackim \u201eSiatk\u00f3wka \u2013 sport, co \u0142\u0105czy a nie dzieli\u201d.<\/p>\n<p>Na konkurs wp\u0142yn\u0119\u0142o ponad 200 prac z 37 szk\u00f3\u0142 m.in. z My\u015blenic, P\u0142ocka, Helu, Szamotu\u0142, Zwolenia, Kluczborka i Wo\u0142czyna.<\/p>\n<p>W 9. edycji konkursu uczniowie mieli do wyboru dwie kategorie &#8211; plastyczn\u0105 oraz literack\u0105. Ich zadaniem by\u0142o przygotowa\u0107 portret siatkarza lub siatkarki z kadry narodowej, fraszk\u0119 na zawodnika czy zawodniczk\u0119 lub opowiadanie \u201eJeden dzie\u0144 z kadr\u0105 narodow\u0105 siatkarzy\/siatkarek\u201d.<\/p>\n<p>Z naszej szko\u0142y wys\u0142ali\u015bmy 6 prac. 3 z nich zosta\u0142y docenione przez jury:<\/p>\n<p>2 miejsce fraszk\u0105 \u201eNa Bienia\u201d zdoby\u0142a Lena Jaszczak, a wyr\u00f3\u017cnienie w tej kategorii otrzyma\u0142a Karolina Kurczewska &#8211; \u201eSiatkarz Kurek\u201d.<\/p>\n<p>3 miejsce za opowiadanie \u201e1 czerwca\u201d przypad\u0142o Marcelinie Artymicz.<\/p>\n<p>Gratulujemy wszystkim uczestnikom!<\/p>\n","protected":false},"excerpt":{"rendered":"<p>Lena, Marcelina i Karolina odebra\u0142y nagrody w og\u00f3lnopolskim konkursie literackim \u201eSiatk\u00f3wka \u2013 sport, co \u0142\u0105czy a nie dzieli\u201d. Na konkurs wp\u0142yn\u0119\u0142o ponad 200 prac z 37 szk\u00f3\u0142 m.in. z My\u015blenic, <a href=\"http:\/\/zs.wolczyn.pl\/sp\/literacko-o-sporcie\/\" class=\"read-more\">Czytaj dalej &#8230;<\/a><\/p>\n","protected":false},"author":1,"featured_media":2596,"comment_status":"closed","ping_status":"open","sticky":false,"template":"","format":"standard","meta":{"footnotes":""},"categories":[3],"tags":[],"class_list":["post-2593","post","type-post","status-publish","format-standard","has-post-thumbnail","hentry","category-events"],"_links":{"self":[{"href":"http:\/\/zs.wolczyn.pl\/sp\/wp-json\/wp\/v2\/posts\/2593","targetHints":{"allow":["GET"]}}],"collection":[{"href":"http:\/\/zs.wolczyn.pl\/sp\/wp-json\/wp\/v2\/posts"}],"about":[{"href":"http:\/\/zs.wolczyn.pl\/sp\/wp-json\/wp\/v2\/types\/post"}],"author":[{"embeddable":true,"href":"http:\/\/zs.wolczyn.pl\/sp\/wp-json\/wp\/v2\/users\/1"}],"replies":[{"embeddable":true,"href":"http:\/\/zs.wolczyn.pl\/sp\/wp-json\/wp\/v2\/comments?post=2593"}],"version-history":[{"count":0,"href":"http:\/\/zs.wolczyn.pl\/sp\/wp-json\/wp\/v2\/posts\/2593\/revisions"}],"wp:featuredmedia":[{"embeddable":true,"href":"http:\/\/zs.wolczyn.pl\/sp\/wp-json\/wp\/v2\/media\/2596"}],"wp:attachment":[{"href":"http:\/\/zs.wolczyn.pl\/sp\/wp-json\/wp\/v2\/media?parent=2593"}],"wp:term":[{"taxonomy":"category","embeddable":true,"href":"http:\/\/zs.wolczyn.pl\/sp\/wp-json\/wp\/v2\/categories?post=2593"},{"taxonomy":"post_tag","embeddable":true,"href":"http:\/\/zs.wolczyn.pl\/sp\/wp-json\/wp\/v2\/tags?post=2593"}],"curies":[{"name":"wp","href":"https:\/\/api.w.org\/{rel}","templated":true}]}}