{"id":4263,"date":"2021-08-20T12:30:31","date_gmt":"2021-08-20T12:30:31","guid":{"rendered":"http:\/\/zs.wolczyn.pl\/sp\/?p=4263"},"modified":"2021-08-20T12:30:36","modified_gmt":"2021-08-20T12:30:36","slug":"podreczniki-do-religii-rzymskokatolickiej-na-rok-szkolny-2021-2022","status":"publish","type":"post","link":"http:\/\/zs.wolczyn.pl\/sp\/podreczniki-do-religii-rzymskokatolickiej-na-rok-szkolny-2021-2022\/","title":{"rendered":"PODR\u0118CZNIKI DO RELIGII RZYMSKOKATOLICKIEJ NA ROK SZKOLNY 2021\/2022"},"content":{"rendered":"\n<figure class=\"wp-block-table is-style-regular\"><table><tbody><tr><td class=\"has-text-align-center\" data-align=\"center\"><strong>Klasa<\/strong><\/td><td class=\"has-text-align-left\" data-align=\"left\"><strong>Autor<\/strong><strong><\/strong><\/td><td><strong>T<\/strong><strong>ytu\u0142 podr\u0119cznika<\/strong><strong><\/strong><\/td><td><strong>Wydawnictwo<\/strong><\/td><td><strong>Numer dopuszczenia<\/strong><strong><\/strong><\/td><\/tr><tr><td class=\"has-text-align-center\" data-align=\"center\">1 a-c<\/td><td class=\"has-text-align-left\" data-align=\"left\">ks. dr Krzysztof. Mielnicki, El\u017cbieta Kondrak<\/td><td>Podr\u0119cznik do religii dla klasy I &nbsp;szko\u0142y podstawowej &#8222;Poznaj\u0119 Bo\u017cy \u015bwiat&#8221;<\/td><td>Jedno\u015b\u0107<\/td><td>AZ-11-01\/18-Kl-4\/20<\/td><\/tr><tr><td class=\"has-text-align-center\" data-align=\"center\">2 a-c<\/td><td class=\"has-text-align-left\" data-align=\"left\">ks. dr Krzysztof Mielnicki, El\u017cbieta Kondrak<\/td><td>Podr\u0119cznik do religii dla klasy II &nbsp;szko\u0142y podstawowej ,,Odkrywam kr\u00f3lestwo Bo\u017ce&#8221;<\/td><td>Jedno\u015b\u0107<\/td><td>[brak numeru dopuszczenia]<\/td><\/tr><tr><td class=\"has-text-align-center\" data-align=\"center\">3 a-c<\/td><td class=\"has-text-align-left\" data-align=\"left\">Dariusz Kurpi\u0144ski, Jerzy Snopek. Red. ks. Jaros\u0142aw Czerkawski, El\u017cbieta Kondrak<\/td><td>Podr\u0119cznik do religii Klasa III SP ,,Jezus jest z nami&#8221; &nbsp; Zeszyt \u0107wicze\u0144 &#8211; ,,Jezus jest z nami&#8221;<\/td><td>Jedno\u015b\u0107<\/td><td>AZ-13-01\/12-Kl-4\/13<\/td><\/tr><tr><td class=\"has-text-align-center\" data-align=\"center\">4 a-c<\/td><td class=\"has-text-align-left\" data-align=\"left\">ks. dr Krzysztof Mielnicki, El\u017cbieta Kondrak, Bogus\u0142aw Nosek<\/td><td>Podr\u0119cznik do nauki religii Klasa &nbsp;IV SP \u201eMiejsca pe\u0142ne BOGActw&#8221; &nbsp; Zeszyt \u0107wicze\u0144 \u201eMiejsca pe\u0142ne BOGActw&#8221;<\/td><td>Jedno\u015b\u0107<\/td><td>AZ-21 -02\/ 12-Kl -1\/ 12<\/td><\/tr><tr><td class=\"has-text-align-center\" data-align=\"center\">5 a-c<\/td><td class=\"has-text-align-left\" data-align=\"left\">ks. dr Krzysztof Mielnicki, El\u017cbieta Kondrak<\/td><td>Podr\u0119cznik do nauki religii Klasa &nbsp;V SP \u201eSzcz\u0119\u015bliwi, kt\u00f3rzy szukaj\u0105 prawdy&#8221; &nbsp; Zeszyt \u0107wicze\u0144 \u201eSzcz\u0119\u015bliwi, kt\u00f3rzy szukaj\u0105 prawdy&#8221;<\/td><td>Jedno\u015b\u0107<\/td><td>AZ-21-01\/20-Kl-2\/20<\/td><\/tr><tr><td class=\"has-text-align-center\" data-align=\"center\">6a<\/td><td class=\"has-text-align-left\" data-align=\"left\">ks. dr Krzysztof Mielnicki, El\u017cbieta Kondrak<\/td><td>Podr\u0119cznik do religii Klasa VI SP \u201eSzcz\u0119\u015bliwi, kt\u00f3rzy odkrywaj\u0105 pi\u0119kno&#8221; &nbsp; Zeszyt \u0107wicze\u0144 \u201eSzcz\u0119\u015bliwi, kt\u00f3rzy odkrywaj\u0105 pi\u0119kno&#8221;<\/td><td>Jedno\u015b\u0107<\/td><td>[brak numeru dopuszczenia]<\/td><\/tr><tr><td class=\"has-text-align-center\" data-align=\"center\">7 a-e<\/td><td class=\"has-text-align-left\" data-align=\"left\">ks. dr Krzysztof Mielnicki, El\u017cbieta Kondrak, Ewelina Parszewska<\/td><td>Podr\u0119cznik do religii Klasa VII SP \u201eB\u0142ogos\u0142awieni, kt\u00f3rzy szukaj\u0105 Jezusa&#8221;<\/td><td>Jedno\u015b\u0107<\/td><td>AZ-31-01\/13-Kl-3\/13<\/td><\/tr><tr><td class=\"has-text-align-center\" data-align=\"center\">8 a-f<\/td><td class=\"has-text-align-left\" data-align=\"left\">ks. dr Krzysztof Mielnicki, El\u017cbieta Kondrak, Ewelina Parszewska<\/td><td>Podr\u0119cznik do religii Klasa VIII SP \u201eB\u0142ogos\u0142awieni, kt\u00f3rzy ufaj\u0105 Jezusowi&#8221;<\/td><td>Jedno\u015b\u0107<\/td><td>AZ-32-01\/13-Kl-4\/14<\/td><\/tr><\/tbody><\/table><\/figure>\n","protected":false},"excerpt":{"rendered":"<p>Klasa Autor Tytu\u0142 podr\u0119cznika Wydawnictwo Numer dopuszczenia 1 a-c ks. dr Krzysztof. Mielnicki, El\u017cbieta Kondrak Podr\u0119cznik do religii dla klasy I &nbsp;szko\u0142y podstawowej &#8222;Poznaj\u0119 Bo\u017cy \u015bwiat&#8221; Jedno\u015b\u0107 AZ-11-01\/18-Kl-4\/20 2 a-c <a href=\"http:\/\/zs.wolczyn.pl\/sp\/podreczniki-do-religii-rzymskokatolickiej-na-rok-szkolny-2021-2022\/\" class=\"read-more\">Czytaj dalej &#8230;<\/a><\/p>\n","protected":false},"author":1,"featured_media":0,"comment_status":"closed","ping_status":"open","sticky":false,"template":"","format":"standard","meta":{"footnotes":""},"categories":[5,3],"tags":[],"class_list":["post-4263","post","type-post","status-publish","format-standard","hentry","category-documents","category-events"],"_links":{"self":[{"href":"http:\/\/zs.wolczyn.pl\/sp\/wp-json\/wp\/v2\/posts\/4263","targetHints":{"allow":["GET"]}}],"collection":[{"href":"http:\/\/zs.wolczyn.pl\/sp\/wp-json\/wp\/v2\/posts"}],"about":[{"href":"http:\/\/zs.wolczyn.pl\/sp\/wp-json\/wp\/v2\/types\/post"}],"author":[{"embeddable":true,"href":"http:\/\/zs.wolczyn.pl\/sp\/wp-json\/wp\/v2\/users\/1"}],"replies":[{"embeddable":true,"href":"http:\/\/zs.wolczyn.pl\/sp\/wp-json\/wp\/v2\/comments?post=4263"}],"version-history":[{"count":0,"href":"http:\/\/zs.wolczyn.pl\/sp\/wp-json\/wp\/v2\/posts\/4263\/revisions"}],"wp:attachment":[{"href":"http:\/\/zs.wolczyn.pl\/sp\/wp-json\/wp\/v2\/media?parent=4263"}],"wp:term":[{"taxonomy":"category","embeddable":true,"href":"http:\/\/zs.wolczyn.pl\/sp\/wp-json\/wp\/v2\/categories?post=4263"},{"taxonomy":"post_tag","embeddable":true,"href":"http:\/\/zs.wolczyn.pl\/sp\/wp-json\/wp\/v2\/tags?post=4263"}],"curies":[{"name":"wp","href":"https:\/\/api.w.org\/{rel}","templated":true}]}}