{"id":4511,"date":"2021-10-01T09:24:45","date_gmt":"2021-10-01T09:24:45","guid":{"rendered":"http:\/\/zs.wolczyn.pl\/sp\/?p=4511"},"modified":"2021-10-01T09:24:46","modified_gmt":"2021-10-01T09:24:46","slug":"pasowanie-pierwszoklasistow","status":"publish","type":"post","link":"http:\/\/zs.wolczyn.pl\/sp\/pasowanie-pierwszoklasistow\/","title":{"rendered":"Pasowanie Pierwszoklasist\u00f3w"},"content":{"rendered":"\n<p>Dnia 23 wrze\u015bnia 2021 roku w Zespole Szk\u00f3\u0142 w Wo\u0142czynie odby\u0142a si\u0119 uroczysto\u015b\u0107 przyj\u0119cia Pierwszoklasist\u00f3w w poczet uczni\u00f3w Szko\u0142y Podstawowej im. Jana Paw\u0142a II w Wo\u0142czynie. Uroczysto\u015b\u0107 zosta\u0142a zorganizowana przez wychowawczynie klas pierwszych: Pani\u0105 Gra\u017cyn\u0119 Mrozek, Pani\u0105 Dorot\u0119 Pizu\u0144sk\u0105 i Pani\u0105 Justyn\u0119 Cha\u0142ubiec.<\/p>\n\n\n\n<p>Pierwszoklasi\u015bci przedstawili wspaniale przygotowany program artystyczny podczas kt\u00f3rego \u015bpiewali piosenki<br>i ta\u0144czyli oraz recytowali wiersze. Nast\u0119pnie w obecno\u015bci rodzic\u00f3w i zaproszonych go\u015bci z\u0142o\u017cyli uroczyste \u015blubowanie. Po akcie \u015blubowania Pani Dyrektor Ewa W\u0142os dokona\u0142a aktu pasowania ka\u017cdego Pierwszoklasisty na ucznia naszej szko\u0142y, a wicedyrektorki &#8211; Pani Ewa Rogo\u017ca oraz Pani Alicja D\u0105browska-Kelniarz wr\u0119czy\u0142y dyplomy i upominki. <\/p>\n\n\n\n<p>Od tego momentu Pierwszoklasi\u015bci stali si\u0119 pe\u0142noprawnymi cz\u0142onkami spo\u0142eczno\u015bci szkolnej a s\u0142owa naszego patrona Jana Paw\u0142a II &#8211; &#8222;<strong><em>Ka\u017cde dziecko jest s\u0142o\u0144cem, kt\u00f3re wschodzi&#8230; nadziej\u0105, kt\u00f3ra rozkwita na nowo<\/em><\/strong>&#8222;- niech towarzysz\u0105 im oraz ich rodzicom ka\u017cdego dnia.<\/p>\n\n\n\n[ngg src=&#8221;galleries&#8221; ids=&#8221;56&#8243; display=&#8221;basic_slideshow&#8221;]\n","protected":false},"excerpt":{"rendered":"<p>Dnia 23 wrze\u015bnia 2021 roku w Zespole Szk\u00f3\u0142 w Wo\u0142czynie odby\u0142a si\u0119 uroczysto\u015b\u0107 przyj\u0119cia Pierwszoklasist\u00f3w w poczet uczni\u00f3w Szko\u0142y Podstawowej im. Jana Paw\u0142a II w Wo\u0142czynie. Uroczysto\u015b\u0107 zosta\u0142a zorganizowana przez <a href=\"http:\/\/zs.wolczyn.pl\/sp\/pasowanie-pierwszoklasistow\/\" class=\"read-more\">Czytaj dalej &#8230;<\/a><\/p>\n","protected":false},"author":1,"featured_media":0,"comment_status":"closed","ping_status":"open","sticky":false,"template":"","format":"standard","meta":{"footnotes":""},"categories":[3],"tags":[],"class_list":["post-4511","post","type-post","status-publish","format-standard","hentry","category-events"],"_links":{"self":[{"href":"http:\/\/zs.wolczyn.pl\/sp\/wp-json\/wp\/v2\/posts\/4511","targetHints":{"allow":["GET"]}}],"collection":[{"href":"http:\/\/zs.wolczyn.pl\/sp\/wp-json\/wp\/v2\/posts"}],"about":[{"href":"http:\/\/zs.wolczyn.pl\/sp\/wp-json\/wp\/v2\/types\/post"}],"author":[{"embeddable":true,"href":"http:\/\/zs.wolczyn.pl\/sp\/wp-json\/wp\/v2\/users\/1"}],"replies":[{"embeddable":true,"href":"http:\/\/zs.wolczyn.pl\/sp\/wp-json\/wp\/v2\/comments?post=4511"}],"version-history":[{"count":0,"href":"http:\/\/zs.wolczyn.pl\/sp\/wp-json\/wp\/v2\/posts\/4511\/revisions"}],"wp:attachment":[{"href":"http:\/\/zs.wolczyn.pl\/sp\/wp-json\/wp\/v2\/media?parent=4511"}],"wp:term":[{"taxonomy":"category","embeddable":true,"href":"http:\/\/zs.wolczyn.pl\/sp\/wp-json\/wp\/v2\/categories?post=4511"},{"taxonomy":"post_tag","embeddable":true,"href":"http:\/\/zs.wolczyn.pl\/sp\/wp-json\/wp\/v2\/tags?post=4511"}],"curies":[{"name":"wp","href":"https:\/\/api.w.org\/{rel}","templated":true}]}}