{"id":4532,"date":"2021-10-01T10:42:37","date_gmt":"2021-10-01T10:42:37","guid":{"rendered":"http:\/\/zs.wolczyn.pl\/sp\/?p=4532"},"modified":"2024-05-06T11:34:44","modified_gmt":"2024-05-06T11:34:44","slug":"dzien-chlopaka-w-swietlicy-szkolnej","status":"publish","type":"post","link":"http:\/\/zs.wolczyn.pl\/sp\/dzien-chlopaka-w-swietlicy-szkolnej\/","title":{"rendered":"Dzie\u0144 Ch\u0142opaka w \u015awietlicy Szkolnej."},"content":{"rendered":"<p>[ngg src=&#8221;galleries&#8221; ids=&#8221;57&#8243; display=&#8221;basic_slideshow&#8221; arrows=&#8221;1&#8243; interval=&#8221;2500&#8243;]Dnia 30 wrze\u015bnia 2021r.&nbsp; dziewczynki z\u0142o\u017cy\u0142y swoim kolegom \u017cyczenia i wr\u0119czy\u0142y drobne upominki. Nast\u0119pnie wszyscy \u015bwietnie bawili si\u0119 w \u201efotobudce\u201d. Na koniec zagrali w kalambury, dziewczynki kontra ch\u0142opcy. Wynik zako\u0144czy\u0142 si\u0119 remisem. Wszyscy mi\u0142o sp\u0119dzili czas oczekuj\u0105c na rodzic\u00f3w.<\/p>\n","protected":false},"excerpt":{"rendered":"<p>[ngg src=&#8221;galleries&#8221; ids=&#8221;57&#8243; display=&#8221;basic_slideshow&#8221; arrows=&#8221;1&#8243; interval=&#8221;2500&#8243;]Dnia 30 wrze\u015bnia 2021r.&nbsp; dziewczynki z\u0142o\u017cy\u0142y swoim kolegom \u017cyczenia i wr\u0119czy\u0142y drobne upominki. Nast\u0119pnie wszyscy \u015bwietnie bawili si\u0119 w \u201efotobudce\u201d. Na koniec zagrali w kalambury, <a href=\"http:\/\/zs.wolczyn.pl\/sp\/dzien-chlopaka-w-swietlicy-szkolnej\/\" class=\"read-more\">Czytaj dalej &#8230;<\/a><\/p>\n","protected":false},"author":1,"featured_media":4571,"comment_status":"closed","ping_status":"open","sticky":false,"template":"","format":"standard","meta":{"footnotes":""},"categories":[34,3],"tags":[],"class_list":["post-4532","post","type-post","status-publish","format-standard","has-post-thumbnail","hentry","category-na-akt","category-events"],"_links":{"self":[{"href":"http:\/\/zs.wolczyn.pl\/sp\/wp-json\/wp\/v2\/posts\/4532","targetHints":{"allow":["GET"]}}],"collection":[{"href":"http:\/\/zs.wolczyn.pl\/sp\/wp-json\/wp\/v2\/posts"}],"about":[{"href":"http:\/\/zs.wolczyn.pl\/sp\/wp-json\/wp\/v2\/types\/post"}],"author":[{"embeddable":true,"href":"http:\/\/zs.wolczyn.pl\/sp\/wp-json\/wp\/v2\/users\/1"}],"replies":[{"embeddable":true,"href":"http:\/\/zs.wolczyn.pl\/sp\/wp-json\/wp\/v2\/comments?post=4532"}],"version-history":[{"count":0,"href":"http:\/\/zs.wolczyn.pl\/sp\/wp-json\/wp\/v2\/posts\/4532\/revisions"}],"wp:featuredmedia":[{"embeddable":true,"href":"http:\/\/zs.wolczyn.pl\/sp\/wp-json\/wp\/v2\/media\/4571"}],"wp:attachment":[{"href":"http:\/\/zs.wolczyn.pl\/sp\/wp-json\/wp\/v2\/media?parent=4532"}],"wp:term":[{"taxonomy":"category","embeddable":true,"href":"http:\/\/zs.wolczyn.pl\/sp\/wp-json\/wp\/v2\/categories?post=4532"},{"taxonomy":"post_tag","embeddable":true,"href":"http:\/\/zs.wolczyn.pl\/sp\/wp-json\/wp\/v2\/tags?post=4532"}],"curies":[{"name":"wp","href":"https:\/\/api.w.org\/{rel}","templated":true}]}}