{"id":4655,"date":"2021-10-12T09:28:50","date_gmt":"2021-10-12T09:28:50","guid":{"rendered":"http:\/\/zs.wolczyn.pl\/sp\/?p=4655"},"modified":"2024-10-15T11:25:16","modified_gmt":"2024-10-15T11:25:16","slug":"xxi-dzien-papieski-nie-lekajcie-sie","status":"publish","type":"post","link":"http:\/\/zs.wolczyn.pl\/sp\/xxi-dzien-papieski-nie-lekajcie-sie\/","title":{"rendered":"XXI Dzie\u0144 Papieski \u201e Nie l\u0119kajcie si\u0119\u2026\u201d"},"content":{"rendered":"<p><img loading=\"lazy\" decoding=\"async\" class=\"size-medium wp-image-4657 alignleft\" src=\"http:\/\/zs.wolczyn.pl\/sp\/wp-content\/uploads\/2021\/10\/ZSW1260_edited_wyr-300x225.jpg\" alt=\"\" width=\"300\" height=\"225\" srcset=\"http:\/\/zs.wolczyn.pl\/sp\/wp-content\/uploads\/2021\/10\/ZSW1260_edited_wyr-300x225.jpg 300w, http:\/\/zs.wolczyn.pl\/sp\/wp-content\/uploads\/2021\/10\/ZSW1260_edited_wyr-768x576.jpg 768w, http:\/\/zs.wolczyn.pl\/sp\/wp-content\/uploads\/2021\/10\/ZSW1260_edited_wyr.jpg 800w\" sizes=\"auto, (max-width: 300px) 100vw, 300px\" \/>&nbsp;&nbsp;&nbsp;&nbsp;&nbsp;&nbsp;&nbsp;&nbsp;&nbsp; W tym roku XXI Dzie\u0144 Papieski obchodzony by\u0142 10 pa\u017adziernika pod has\u0142em \u201e Nie l\u0119kajcie si\u0119\u2026\u201d.<br \/>\nJak co roku nasi uczniowie kwestowali na rzecz Dzie\u0142a Nowego Tysi\u0105clecia, czyli na rzecz fundacji, kt\u00f3ra wspiera kszta\u0142cenie wybitnie uzdolnionej m\u0142odzie\u017cy z niezamo\u017cnych rodzin <strong>&nbsp;<\/strong>o kt\u00f3r\u0105 tak bardzo dba\u0142&nbsp; \u015bw. Jan Pawe\u0142 II.<strong><br \/>\n<\/strong>&nbsp;&nbsp;&nbsp;&nbsp;&nbsp;&nbsp;&nbsp;&nbsp;&nbsp; Nasi uczniowie ch\u0119tnie, mimo \u015bwi\u0105tecznego dnia, podj\u0119li si\u0119 kwestowania, a tym samym wykazali si\u0119 zrozumieniem idei krzewienia nauki i przes\u0142ania JP II.<\/p>\n","protected":false},"excerpt":{"rendered":"<p>&nbsp;&nbsp;&nbsp;&nbsp;&nbsp;&nbsp;&nbsp;&nbsp;&nbsp; W tym roku XXI Dzie\u0144 Papieski obchodzony by\u0142 10 pa\u017adziernika pod has\u0142em \u201e Nie l\u0119kajcie si\u0119\u2026\u201d. Jak co roku nasi uczniowie kwestowali na rzecz Dzie\u0142a Nowego Tysi\u0105clecia, czyli na <a href=\"http:\/\/zs.wolczyn.pl\/sp\/xxi-dzien-papieski-nie-lekajcie-sie\/\" class=\"read-more\">Czytaj dalej &#8230;<\/a><\/p>\n","protected":false},"author":1,"featured_media":4657,"comment_status":"closed","ping_status":"open","sticky":false,"template":"","format":"standard","meta":{"footnotes":""},"categories":[36,3],"tags":[],"class_list":["post-4655","post","type-post","status-publish","format-standard","has-post-thumbnail","hentry","category-nasz-patron","category-events"],"_links":{"self":[{"href":"http:\/\/zs.wolczyn.pl\/sp\/wp-json\/wp\/v2\/posts\/4655","targetHints":{"allow":["GET"]}}],"collection":[{"href":"http:\/\/zs.wolczyn.pl\/sp\/wp-json\/wp\/v2\/posts"}],"about":[{"href":"http:\/\/zs.wolczyn.pl\/sp\/wp-json\/wp\/v2\/types\/post"}],"author":[{"embeddable":true,"href":"http:\/\/zs.wolczyn.pl\/sp\/wp-json\/wp\/v2\/users\/1"}],"replies":[{"embeddable":true,"href":"http:\/\/zs.wolczyn.pl\/sp\/wp-json\/wp\/v2\/comments?post=4655"}],"version-history":[{"count":0,"href":"http:\/\/zs.wolczyn.pl\/sp\/wp-json\/wp\/v2\/posts\/4655\/revisions"}],"wp:featuredmedia":[{"embeddable":true,"href":"http:\/\/zs.wolczyn.pl\/sp\/wp-json\/wp\/v2\/media\/4657"}],"wp:attachment":[{"href":"http:\/\/zs.wolczyn.pl\/sp\/wp-json\/wp\/v2\/media?parent=4655"}],"wp:term":[{"taxonomy":"category","embeddable":true,"href":"http:\/\/zs.wolczyn.pl\/sp\/wp-json\/wp\/v2\/categories?post=4655"},{"taxonomy":"post_tag","embeddable":true,"href":"http:\/\/zs.wolczyn.pl\/sp\/wp-json\/wp\/v2\/tags?post=4655"}],"curies":[{"name":"wp","href":"https:\/\/api.w.org\/{rel}","templated":true}]}}