{"id":4659,"date":"2021-10-12T12:27:44","date_gmt":"2021-10-12T12:27:44","guid":{"rendered":"http:\/\/zs.wolczyn.pl\/sp\/?p=4659"},"modified":"2021-10-12T12:27:45","modified_gmt":"2021-10-12T12:27:45","slug":"bieg-patrona-szkoly-podstawowej-w-wolczynie","status":"publish","type":"post","link":"http:\/\/zs.wolczyn.pl\/sp\/bieg-patrona-szkoly-podstawowej-w-wolczynie\/","title":{"rendered":"Bieg Patrona Szko\u0142y Podstawowej w Wo\u0142czynie"},"content":{"rendered":"<p>W dniu 21 wrze\u015bnia na terenie obiekt\u00f3w sportowo \u2013 rekreacyjnych przy Zespole Szk\u00f3\u0142 w Wo\u0142czynie odby\u0142 si\u0119 Bieg Patrona dla dziewcz\u0105t i ch\u0142opc\u00f3w w czterech kategoriach wiekowych. Poni\u017cej przedstawiamy wyniki oraz galerie zdj\u0119\u0107 z wydarzenia. Gratulujemy zwyci\u0119zcom.<\/p>\n<p><strong><u>Dziewcz\u0119ta I-III:<\/u><\/strong><\/p>\n<ol>\n<li>Weso\u0142a Lena 2a<\/li>\n<li>Pieckielun Antonina 2b<\/li>\n<li>Pasternak Amelia 2a<\/li>\n<\/ol>\n<p><strong><u>Ch\u0142opcy I-III:<\/u><\/strong><\/p>\n<ol>\n<li>Kwa\u015bnicki Antoni 2b<\/li>\n<li>Ko\u017cuchowski Mi\u0142osz 2a<\/li>\n<li>Augustowicz Micha\u0142 2b<\/li>\n<\/ol>\n<p><strong><u>Dziewcz\u0119ta V:<\/u><\/strong><\/p>\n<ol>\n<li>Orzechowska Zofia 5a<\/li>\n<li>Zubrzycka Ewelina 5a<\/li>\n<li>Szozda Maria 5a<\/li>\n<\/ol>\n<p><strong><u>Ch\u0142opcy V:<\/u><\/strong><\/p>\n<ol>\n<li>Kukla Mi\u0142osz 5b<\/li>\n<li>Rybski Szymon 5a<\/li>\n<li>Nagel Bartosz 5c<\/li>\n<\/ol>\n<p><strong><u>Dziewcz\u0119ta VI-VIII:<\/u><\/strong><\/p>\n<ol>\n<li>Dulska Zuzanna kl. 7b<\/li>\n<li>Martyniszyn Maria kl. 7c<\/li>\n<li>Markowicz Karolina kl. 7b<\/li>\n<\/ol>\n<p><strong><u>Ch\u0142opcy VI-VIII:<\/u><\/strong><\/p>\n<ol>\n<li>Kujawa Kevin kl. 8b<\/li>\n<li>Domaga\u0142a Kacper kl. 8a<\/li>\n<li>Ko\u0142odziejski Pawe\u0142 kl. 8a<\/li>\n<\/ol>\n<p><strong><u>LO dziewcz\u0119ta:<\/u><\/strong><\/p>\n<ol>\n<li>Maksymiuk Agnieszka IILO<\/li>\n<li>\u015aredniak Kinga IIILO<\/li>\n<li>Polanowska Ola IIILO<\/li>\n<\/ol>\n<p><strong><u>LO ch\u0142opcy:<\/u><\/strong><\/p>\n<ol>\n<li>Gancarz Daniel I LO<\/li>\n<li>Matelski Miko\u0142aj III LO<\/li>\n<li>Klimowicz Kacper II LO, Habrajski Jakub III LO<\/li>\n<\/ol>\n[ngg src=&#8221;galleries&#8221; ids=&#8221;59&#8243; display=&#8221;basic_thumbnail&#8221; thumbnail_crop=&#8221;0&#8243; show_slideshow_link=&#8221;1&#8243; slideshow_link_text=&#8221;Pokaz slajd\u00f3w&#8221;]\n\n\n<p><\/p>\n","protected":false},"excerpt":{"rendered":"<p>W dniu 21 wrze\u015bnia na terenie obiekt\u00f3w sportowo \u2013 rekreacyjnych przy Zespole Szk\u00f3\u0142 w Wo\u0142czynie odby\u0142 si\u0119 Bieg Patrona dla dziewcz\u0105t i ch\u0142opc\u00f3w w czterech kategoriach wiekowych. Poni\u017cej przedstawiamy wyniki <a href=\"http:\/\/zs.wolczyn.pl\/sp\/bieg-patrona-szkoly-podstawowej-w-wolczynie\/\" class=\"read-more\">Czytaj dalej &#8230;<\/a><\/p>\n","protected":false},"author":1,"featured_media":4674,"comment_status":"closed","ping_status":"open","sticky":false,"template":"","format":"standard","meta":{"footnotes":""},"categories":[16,3],"tags":[],"class_list":["post-4659","post","type-post","status-publish","format-standard","has-post-thumbnail","hentry","category-sport","category-events"],"_links":{"self":[{"href":"http:\/\/zs.wolczyn.pl\/sp\/wp-json\/wp\/v2\/posts\/4659","targetHints":{"allow":["GET"]}}],"collection":[{"href":"http:\/\/zs.wolczyn.pl\/sp\/wp-json\/wp\/v2\/posts"}],"about":[{"href":"http:\/\/zs.wolczyn.pl\/sp\/wp-json\/wp\/v2\/types\/post"}],"author":[{"embeddable":true,"href":"http:\/\/zs.wolczyn.pl\/sp\/wp-json\/wp\/v2\/users\/1"}],"replies":[{"embeddable":true,"href":"http:\/\/zs.wolczyn.pl\/sp\/wp-json\/wp\/v2\/comments?post=4659"}],"version-history":[{"count":0,"href":"http:\/\/zs.wolczyn.pl\/sp\/wp-json\/wp\/v2\/posts\/4659\/revisions"}],"wp:featuredmedia":[{"embeddable":true,"href":"http:\/\/zs.wolczyn.pl\/sp\/wp-json\/wp\/v2\/media\/4674"}],"wp:attachment":[{"href":"http:\/\/zs.wolczyn.pl\/sp\/wp-json\/wp\/v2\/media?parent=4659"}],"wp:term":[{"taxonomy":"category","embeddable":true,"href":"http:\/\/zs.wolczyn.pl\/sp\/wp-json\/wp\/v2\/categories?post=4659"},{"taxonomy":"post_tag","embeddable":true,"href":"http:\/\/zs.wolczyn.pl\/sp\/wp-json\/wp\/v2\/tags?post=4659"}],"curies":[{"name":"wp","href":"https:\/\/api.w.org\/{rel}","templated":true}]}}