{"id":4678,"date":"2021-11-02T07:00:15","date_gmt":"2021-11-02T07:00:15","guid":{"rendered":"http:\/\/zs.wolczyn.pl\/sp\/?p=4678"},"modified":"2021-11-03T08:20:33","modified_gmt":"2021-11-03T08:20:33","slug":"konkurs-i-wystawa-ekologiczna","status":"publish","type":"post","link":"http:\/\/zs.wolczyn.pl\/sp\/konkurs-i-wystawa-ekologiczna\/","title":{"rendered":"Konkurs i wystawa ekologiczna"},"content":{"rendered":"<p>&nbsp;&nbsp;&nbsp;&nbsp;&nbsp;&nbsp;&nbsp;&nbsp;&nbsp;&nbsp; W celu wzmacniania edukacji ekologicznej zorganizowano w szkole konkurs na wykonanie zabawki ekologicznej z materia\u0142\u00f3w odpadowych lub surowc\u00f3w wt\u00f3rnych. Konkurs przeznaczony by\u0142 dla uczni\u00f3w klas I-VI szko\u0142y podstawowej.<\/p>\n<p>[ngg src=&#8221;galleries&#8221; ids=&#8221;60&#8243; display=&#8221;basic_slideshow&#8221;]<\/p>\n\n\n<p><\/p>\n\n\n<p><span style=\"color: #248c20;\">WYNIKI KONKURSU:<\/span><\/p>\n<p><span style=\"color: #3366ff;\">Klasy pierwsze:<\/span><\/p>\n<p>I miejsce Kamil Sikora &#8211; 1a<\/p>\n<p>II miejsce Kamila Januszkiewicz &#8211; 1a<\/p>\n<p>III miejsce Jan \u0141ukaszy\u0144ski &#8211; 1a<\/p>\n<p>III miejsce Maja Rybska &#8211; 1a<\/p>\n<p>Wyr\u00f3\u017cnienia: S\u0142awomir Popielnicki 1a, Kacper Noremberczyk 1c, Laura Wawryk\u00f3w 1b, Monika Zg\u00f3rzec 1c<\/p>\n<p>&nbsp;<\/p>\n<p><span style=\"color: #3366ff;\">Klasy drugie:<\/span><\/p>\n<p>I miejsce Antonina Pieckielun &#8211; 2b<\/p>\n<p>II miejsce Marta Mormul &#8211; 2c<\/p>\n<p>III miejsce Magdalena Rajmer &#8211; 2a<\/p>\n<p>Wyr\u00f3\u017cnienia: Alan Benk 2c, Oskar Zagaja 2c, Mi\u0142osz Ko\u017cuchowski 2a, Luiza \u0141akomska 2c<\/p>\n<p>&nbsp;<\/p>\n<p><span style=\"color: #3366ff;\">Klasy trzecie:<\/span><\/p>\n<p>I miejsce Natalia Sadlak &#8211; 3a<\/p>\n<p>II miejsce Maja Margo\u015b &#8211; 3b<\/p>\n<p>III miejsce Julia Bednarz &#8211; 3a<\/p>\n<p>Wyr\u00f3\u017cnienie: Zuzanna Fioncek &#8211; 3c<\/p>\n<p>&nbsp;<\/p>\n<p><span style=\"color: #3366ff;\">Klasy IV-VI<\/span><\/p>\n<p>I miejsce Aleksandra Ochocka &#8211; 5a<\/p>\n<p>II miejsce Karol Bielski &#8211; 6a<\/p>\n<p>II miejsce Julia Olejnik &#8211; 5a<\/p>\n<p>III miejsce Franciszek Martyniak &#8211; 4b<\/p>\n<p>Wyr\u00f3\u017cnienia: Zofia Sobik 5b, Maria Sobik 5b, Bartosz Michalak 4c, Bartosz Wasylkowski 5c, Naomie Wawrzyniak 5c, Zubrzycka Ewelina 5a, Kacper Mrugalski 4b, Zuzanna Burkowska 4b<\/p>\n<p>&nbsp;<\/p>\n<p>Prace wykonane przez uczni\u00f3w zosta\u0142y wyeksponowane na wystawie ekologicznej w szkole.<\/p>\n[ngg src=&#8221;galleries&#8221; ids=&#8221;61&#8243; display=&#8221;basic_slideshow&#8221;]","protected":false},"excerpt":{"rendered":"<p>&nbsp;&nbsp;&nbsp;&nbsp;&nbsp;&nbsp;&nbsp;&nbsp;&nbsp;&nbsp; W celu wzmacniania edukacji ekologicznej zorganizowano w szkole konkurs na wykonanie zabawki ekologicznej z materia\u0142\u00f3w odpadowych lub surowc\u00f3w wt\u00f3rnych. Konkurs przeznaczony by\u0142 dla uczni\u00f3w klas I-VI szko\u0142y podstawowej. [ngg <a href=\"http:\/\/zs.wolczyn.pl\/sp\/konkurs-i-wystawa-ekologiczna\/\" class=\"read-more\">Czytaj dalej &#8230;<\/a><\/p>\n","protected":false},"author":1,"featured_media":4729,"comment_status":"closed","ping_status":"open","sticky":false,"template":"","format":"standard","meta":{"footnotes":""},"categories":[3],"tags":[],"class_list":["post-4678","post","type-post","status-publish","format-standard","has-post-thumbnail","hentry","category-events"],"_links":{"self":[{"href":"http:\/\/zs.wolczyn.pl\/sp\/wp-json\/wp\/v2\/posts\/4678","targetHints":{"allow":["GET"]}}],"collection":[{"href":"http:\/\/zs.wolczyn.pl\/sp\/wp-json\/wp\/v2\/posts"}],"about":[{"href":"http:\/\/zs.wolczyn.pl\/sp\/wp-json\/wp\/v2\/types\/post"}],"author":[{"embeddable":true,"href":"http:\/\/zs.wolczyn.pl\/sp\/wp-json\/wp\/v2\/users\/1"}],"replies":[{"embeddable":true,"href":"http:\/\/zs.wolczyn.pl\/sp\/wp-json\/wp\/v2\/comments?post=4678"}],"version-history":[{"count":0,"href":"http:\/\/zs.wolczyn.pl\/sp\/wp-json\/wp\/v2\/posts\/4678\/revisions"}],"wp:featuredmedia":[{"embeddable":true,"href":"http:\/\/zs.wolczyn.pl\/sp\/wp-json\/wp\/v2\/media\/4729"}],"wp:attachment":[{"href":"http:\/\/zs.wolczyn.pl\/sp\/wp-json\/wp\/v2\/media?parent=4678"}],"wp:term":[{"taxonomy":"category","embeddable":true,"href":"http:\/\/zs.wolczyn.pl\/sp\/wp-json\/wp\/v2\/categories?post=4678"},{"taxonomy":"post_tag","embeddable":true,"href":"http:\/\/zs.wolczyn.pl\/sp\/wp-json\/wp\/v2\/tags?post=4678"}],"curies":[{"name":"wp","href":"https:\/\/api.w.org\/{rel}","templated":true}]}}