{"id":4747,"date":"2021-11-08T06:57:36","date_gmt":"2021-11-08T06:57:36","guid":{"rendered":"http:\/\/zs.wolczyn.pl\/sp\/?p=4747"},"modified":"2021-11-08T07:30:07","modified_gmt":"2021-11-08T07:30:07","slug":"patriotycznie-i-artystycznie","status":"publish","type":"post","link":"http:\/\/zs.wolczyn.pl\/sp\/patriotycznie-i-artystycznie\/","title":{"rendered":"Patriotycznie i artystycznie"},"content":{"rendered":"<p align=\"justify\"><span style=\"font-family: Times New Roman, serif;\"><span style=\"font-size: large;\">&nbsp;&nbsp;&nbsp;&nbsp;&nbsp;&nbsp;&nbsp;&nbsp;&nbsp; W pochmurny listopadowy czwartek odby\u0142 si\u0119 w naszej szkole Konkurs recytatorski poezji patriotycznej. <\/span><\/span><span style=\"font-family: Times New Roman, serif;\"><span style=\"font-size: large;\">Zosta\u0142 zorganizowany w celu dope\u0142nienia <\/span><\/span><span style=\"font-family: Times New Roman, serif;\"><span style=\"font-size: large;\"> obchod\u00f3w <\/span><\/span><span style=\"font-family: Times New Roman, serif;\"><span style=\"font-size: large;\">103 <\/span><\/span><span style=\"font-family: Times New Roman, serif;\"><span style=\"font-size: large;\">rocznicy Odzyskania przez Polsk\u0119 Niepodleg\u0142o\u015bci. <\/span><\/span><span style=\"font-family: Times New Roman, serif;\"><span style=\"font-size: large;\">S\u0105 one organizowane w naszej szkole przez nauczycieli historii. Do konkursu z<\/span><\/span><span style=\"font-family: Times New Roman, serif;\"><span style=\"font-size: large;\">g\u0142osi\u0142o si\u0119 tak wielu ch\u0119tnych, \u017ce <\/span><\/span><span style=\"font-family: Times New Roman, serif;\"><span style=\"font-size: large;\">zosta\u0142 on<\/span><\/span><span style=\"font-family: Times New Roman, serif;\"><span style=\"font-size: large;\"> przeprowadzony w dw\u00f3ch kategoriach wiekowych: <\/span><\/span><span style=\"font-family: Times New Roman, serif;\"><span style=\"font-size: large;\">klasy IV \u2013 VII oraz klasy VIII i liceum<\/span><\/span><span style=\"font-family: Times New Roman, serif;\"><span style=\"font-size: large;\">. Uczestnicy reprezentowali bardzo wysoki poziom. Cieszymy si\u0119, \u017ce mamy w naszej szkole tak du\u017ce grono artyst\u00f3w. Zach\u0119camy do udzia\u0142u w kolejnych spotkaniach ze sztuk\u0105.<\/span><\/span><!--more--><\/p>\n<p>[ngg src=&#8221;galleries&#8221; ids=&#8221;62&#8243; display=&#8221;basic_thumbnail&#8221; thumbnail_crop=&#8221;0&#8243; number_of_columns=&#8221;3&#8243; show_slideshow_link=&#8221;1&#8243; slideshow_link_text=&#8221;Pokaz slajd\u00f3w&#8221;]<\/p>\n","protected":false},"excerpt":{"rendered":"<p>&nbsp;&nbsp;&nbsp;&nbsp;&nbsp;&nbsp;&nbsp;&nbsp;&nbsp; W pochmurny listopadowy czwartek odby\u0142 si\u0119 w naszej szkole Konkurs recytatorski poezji patriotycznej. Zosta\u0142 zorganizowany w celu dope\u0142nienia obchod\u00f3w 103 rocznicy Odzyskania przez Polsk\u0119 Niepodleg\u0142o\u015bci. S\u0105 one organizowane w <a href=\"http:\/\/zs.wolczyn.pl\/sp\/patriotycznie-i-artystycznie\/\" class=\"read-more\">Czytaj dalej &#8230;<\/a><\/p>\n","protected":false},"author":1,"featured_media":4758,"comment_status":"closed","ping_status":"open","sticky":false,"template":"","format":"standard","meta":{"footnotes":""},"categories":[3],"tags":[],"class_list":["post-4747","post","type-post","status-publish","format-standard","has-post-thumbnail","hentry","category-events"],"_links":{"self":[{"href":"http:\/\/zs.wolczyn.pl\/sp\/wp-json\/wp\/v2\/posts\/4747","targetHints":{"allow":["GET"]}}],"collection":[{"href":"http:\/\/zs.wolczyn.pl\/sp\/wp-json\/wp\/v2\/posts"}],"about":[{"href":"http:\/\/zs.wolczyn.pl\/sp\/wp-json\/wp\/v2\/types\/post"}],"author":[{"embeddable":true,"href":"http:\/\/zs.wolczyn.pl\/sp\/wp-json\/wp\/v2\/users\/1"}],"replies":[{"embeddable":true,"href":"http:\/\/zs.wolczyn.pl\/sp\/wp-json\/wp\/v2\/comments?post=4747"}],"version-history":[{"count":0,"href":"http:\/\/zs.wolczyn.pl\/sp\/wp-json\/wp\/v2\/posts\/4747\/revisions"}],"wp:featuredmedia":[{"embeddable":true,"href":"http:\/\/zs.wolczyn.pl\/sp\/wp-json\/wp\/v2\/media\/4758"}],"wp:attachment":[{"href":"http:\/\/zs.wolczyn.pl\/sp\/wp-json\/wp\/v2\/media?parent=4747"}],"wp:term":[{"taxonomy":"category","embeddable":true,"href":"http:\/\/zs.wolczyn.pl\/sp\/wp-json\/wp\/v2\/categories?post=4747"},{"taxonomy":"post_tag","embeddable":true,"href":"http:\/\/zs.wolczyn.pl\/sp\/wp-json\/wp\/v2\/tags?post=4747"}],"curies":[{"name":"wp","href":"https:\/\/api.w.org\/{rel}","templated":true}]}}