{"id":4763,"date":"2021-11-08T08:22:40","date_gmt":"2021-11-08T08:22:40","guid":{"rendered":"http:\/\/zs.wolczyn.pl\/sp\/?p=4763"},"modified":"2021-11-08T09:28:37","modified_gmt":"2021-11-08T09:28:37","slug":"kwesta","status":"publish","type":"post","link":"http:\/\/zs.wolczyn.pl\/sp\/kwesta\/","title":{"rendered":"Kwesta"},"content":{"rendered":"<p>&nbsp;&nbsp;&nbsp;&nbsp;&nbsp;&nbsp;&nbsp;&nbsp;&nbsp; Po rocznej przerwie wznowiona zosta\u0142a kwesta na rzecz cmentarzy na kresach wschodnich pod has\u0142em ,,Mogi\u0142\u0119 pradziada ocali\u0107 od zapomnienia\u2019\u2019. Przedsi\u0119wzi\u0119ciu temu patronowali : TV Wroc\u0142aw, uczniowie i nauczyciele Zespo\u0142u Szk\u00f3\u0142 w Wo\u0142czynie. Kwesta rozpocz\u0119\u0142a si\u0119 o godz. 09.00 i trwa\u0142a do godz.16.00. Uczniowie bardzo ch\u0119tnie uczestniczyli w akcji, maj\u0105c na uwadze powag\u0119 przedsi\u0119wzi\u0119cia, zachowali powag\u0119 i umiar w zachowaniu.<\/p>\n<p>Mieszka\u0144cy Wo\u0142czyna licznie w\u0142\u0105czyli si\u0119 do akcji, okazuj\u0105c swoj\u0105 szczodro\u015b\u0107. Niemal ka\u017cda osoba wrzuci\u0142a symboliczn\u0105 z\u0142ot\u00f3wk\u0119 do puszki. Zebrana kwota zasili organizacj\u0119 zajmuj\u0105c\u0105 si\u0119 ratowaniem polskich cmentarzy na kresach wschodnich.<\/p>\n<p>Organizatorzy dzi\u0119kuj\u0105 wszystkim, kt\u00f3rzy wzi\u0119li udzia\u0142 w tej patriotycznej akcji.<\/p>\n<p>[ngg src=&#8221;galleries&#8221; ids=&#8221;63&#8243; display=&#8221;basic_slideshow&#8221;]<\/p>\n","protected":false},"excerpt":{"rendered":"<p>&nbsp;&nbsp;&nbsp;&nbsp;&nbsp;&nbsp;&nbsp;&nbsp;&nbsp; Po rocznej przerwie wznowiona zosta\u0142a kwesta na rzecz cmentarzy na kresach wschodnich pod has\u0142em ,,Mogi\u0142\u0119 pradziada ocali\u0107 od zapomnienia\u2019\u2019. Przedsi\u0119wzi\u0119ciu temu patronowali : TV Wroc\u0142aw, uczniowie i nauczyciele Zespo\u0142u <a href=\"http:\/\/zs.wolczyn.pl\/sp\/kwesta\/\" class=\"read-more\">Czytaj dalej &#8230;<\/a><\/p>\n","protected":false},"author":1,"featured_media":4775,"comment_status":"closed","ping_status":"open","sticky":false,"template":"","format":"standard","meta":{"footnotes":""},"categories":[3],"tags":[],"class_list":["post-4763","post","type-post","status-publish","format-standard","has-post-thumbnail","hentry","category-events"],"_links":{"self":[{"href":"http:\/\/zs.wolczyn.pl\/sp\/wp-json\/wp\/v2\/posts\/4763","targetHints":{"allow":["GET"]}}],"collection":[{"href":"http:\/\/zs.wolczyn.pl\/sp\/wp-json\/wp\/v2\/posts"}],"about":[{"href":"http:\/\/zs.wolczyn.pl\/sp\/wp-json\/wp\/v2\/types\/post"}],"author":[{"embeddable":true,"href":"http:\/\/zs.wolczyn.pl\/sp\/wp-json\/wp\/v2\/users\/1"}],"replies":[{"embeddable":true,"href":"http:\/\/zs.wolczyn.pl\/sp\/wp-json\/wp\/v2\/comments?post=4763"}],"version-history":[{"count":0,"href":"http:\/\/zs.wolczyn.pl\/sp\/wp-json\/wp\/v2\/posts\/4763\/revisions"}],"wp:featuredmedia":[{"embeddable":true,"href":"http:\/\/zs.wolczyn.pl\/sp\/wp-json\/wp\/v2\/media\/4775"}],"wp:attachment":[{"href":"http:\/\/zs.wolczyn.pl\/sp\/wp-json\/wp\/v2\/media?parent=4763"}],"wp:term":[{"taxonomy":"category","embeddable":true,"href":"http:\/\/zs.wolczyn.pl\/sp\/wp-json\/wp\/v2\/categories?post=4763"},{"taxonomy":"post_tag","embeddable":true,"href":"http:\/\/zs.wolczyn.pl\/sp\/wp-json\/wp\/v2\/tags?post=4763"}],"curies":[{"name":"wp","href":"https:\/\/api.w.org\/{rel}","templated":true}]}}