{"id":4778,"date":"2021-11-08T08:26:38","date_gmt":"2021-11-08T08:26:38","guid":{"rendered":"http:\/\/zs.wolczyn.pl\/sp\/?p=4778"},"modified":"2021-11-08T09:02:31","modified_gmt":"2021-11-08T09:02:31","slug":"znicz-dla-tych-co-odeszli","status":"publish","type":"post","link":"http:\/\/zs.wolczyn.pl\/sp\/znicz-dla-tych-co-odeszli\/","title":{"rendered":"Znicz dla tych, co odeszli"},"content":{"rendered":"<p>&nbsp;&nbsp;&nbsp;&nbsp;&nbsp;&nbsp;&nbsp;&nbsp;&nbsp; W Dzie\u0144 Zadusznych przedstawiciele Samorz\u0105du Uczniowskiego wraz opiekunami oddali cze\u015b\u0107 tym nauczycielom, kt\u00f3rych nie ma ju\u017c w\u015br\u00f3d nas. Po zako\u0144czonych lekcjach wybrali si\u0119 na cmentarz i zapalili znicze na ich grobach. Nie znali ich osobi\u015bcie, ale wiedz\u0105 ile znaczyli dla Wo\u0142czyna, dla wychowania pokolenia ich dziadk\u00f3w i rodzic\u00f3w. Odwiedzili groby tych, kt\u00f3rzy maj\u0105 tu swoich najbli\u017cszych i tych kt\u00f3rymi opiekuj\u0105 si\u0119 ich byli uczniowie. By\u0142a to wzruszaj\u0105ca chwila, kiedy m\u0142odzi ludzie z powag\u0105 stawiali znicze na grobach i zastanawiali si\u0119 nad up\u0142ywaj\u0105cym czasem.<\/p>\n<p>Pobyt na cmentarzu u\u015bwiadomi\u0142 im, \u017ce czas nie stoi w miejscu, ale r\u00f3wnie\u017c i to, \u017ce w Wo\u0142czynie te\u017c mo\u017cna spotka\u0107 si\u0119 z histori\u0105. Histori\u0105 bli\u017csz\u0105 nam, bo na wyci\u0105gniecie r\u0119ki, o kt\u00f3rej opowiedz\u0105 im ich rodziny.<\/p>\n<p>[ngg src=&#8221;galleries&#8221; ids=&#8221;64&#8243; display=&#8221;basic_slideshow&#8221;]<\/p>\n","protected":false},"excerpt":{"rendered":"<p>&nbsp;&nbsp;&nbsp;&nbsp;&nbsp;&nbsp;&nbsp;&nbsp;&nbsp; W Dzie\u0144 Zadusznych przedstawiciele Samorz\u0105du Uczniowskiego wraz opiekunami oddali cze\u015b\u0107 tym nauczycielom, kt\u00f3rych nie ma ju\u017c w\u015br\u00f3d nas. Po zako\u0144czonych lekcjach wybrali si\u0119 na cmentarz i zapalili znicze na <a href=\"http:\/\/zs.wolczyn.pl\/sp\/znicz-dla-tych-co-odeszli\/\" class=\"read-more\">Czytaj dalej &#8230;<\/a><\/p>\n","protected":false},"author":1,"featured_media":4785,"comment_status":"closed","ping_status":"open","sticky":false,"template":"","format":"standard","meta":{"footnotes":""},"categories":[3],"tags":[],"class_list":["post-4778","post","type-post","status-publish","format-standard","has-post-thumbnail","hentry","category-events"],"_links":{"self":[{"href":"http:\/\/zs.wolczyn.pl\/sp\/wp-json\/wp\/v2\/posts\/4778","targetHints":{"allow":["GET"]}}],"collection":[{"href":"http:\/\/zs.wolczyn.pl\/sp\/wp-json\/wp\/v2\/posts"}],"about":[{"href":"http:\/\/zs.wolczyn.pl\/sp\/wp-json\/wp\/v2\/types\/post"}],"author":[{"embeddable":true,"href":"http:\/\/zs.wolczyn.pl\/sp\/wp-json\/wp\/v2\/users\/1"}],"replies":[{"embeddable":true,"href":"http:\/\/zs.wolczyn.pl\/sp\/wp-json\/wp\/v2\/comments?post=4778"}],"version-history":[{"count":0,"href":"http:\/\/zs.wolczyn.pl\/sp\/wp-json\/wp\/v2\/posts\/4778\/revisions"}],"wp:featuredmedia":[{"embeddable":true,"href":"http:\/\/zs.wolczyn.pl\/sp\/wp-json\/wp\/v2\/media\/4785"}],"wp:attachment":[{"href":"http:\/\/zs.wolczyn.pl\/sp\/wp-json\/wp\/v2\/media?parent=4778"}],"wp:term":[{"taxonomy":"category","embeddable":true,"href":"http:\/\/zs.wolczyn.pl\/sp\/wp-json\/wp\/v2\/categories?post=4778"},{"taxonomy":"post_tag","embeddable":true,"href":"http:\/\/zs.wolczyn.pl\/sp\/wp-json\/wp\/v2\/tags?post=4778"}],"curies":[{"name":"wp","href":"https:\/\/api.w.org\/{rel}","templated":true}]}}