{"id":4855,"date":"2021-11-16T11:59:45","date_gmt":"2021-11-16T11:59:45","guid":{"rendered":"http:\/\/zs.wolczyn.pl\/sp\/?p=4855"},"modified":"2021-11-16T12:05:47","modified_gmt":"2021-11-16T12:05:47","slug":"obchody-swieta-patrona-szkoly","status":"publish","type":"post","link":"http:\/\/zs.wolczyn.pl\/sp\/obchody-swieta-patrona-szkoly\/","title":{"rendered":"Obchody \u015awi\u0119ta Patrona Szko\u0142y."},"content":{"rendered":"<p>&nbsp;&nbsp;&nbsp;&nbsp;&nbsp;&nbsp;&nbsp;&nbsp;&nbsp; Dnia 8 listopada&nbsp; w auli&nbsp; Zespo\u0142u Szk\u00f3\u0142&nbsp; w Wo\u0142czynie mia\u0142 miejsce uroczysty apel&nbsp; z okazji XXI Dnia Papieskiego, patrona naszej szko\u0142y, Jana Paw\u0142a II, przebiegaj\u0105cym pod has\u0142em przewodnim &#8222;Nie l\u0119kajcie si\u0119\u2026&#8221;. Wzi\u0119li w nim udzia\u0142 wszyscy uczniowie poprzez transmisj\u0119 on-line&nbsp; wraz z&nbsp; kadr\u0105 nauczycielsk\u0105 naszej plac\u00f3wki, a w auli zebrali si\u0119 laureaci przeprowadzonych konkurs\u00f3w&nbsp; wraz z zaproszonymi, honorowymi go\u015b\u0107mi.<\/p>\n<p>&nbsp;&nbsp;&nbsp;&nbsp;&nbsp;&nbsp;&nbsp;&nbsp;&nbsp; Wydarzenia tego dnia zapocz\u0105tkowa\u0142a uroczysta eucharystia&nbsp; w&nbsp; ko\u015bciele&nbsp; \u015bw. Teresy, celebrowana przez naszego go\u015bcia, Dyrektora Biura Prasowego Prowincji Krakowskiej- br. Artura Borkowskiego.<\/p>\n<p>Po mszy wszyscy go\u015bcie w osobach:<\/p>\n<p>-Wiceburmistrza Wo\u0142czyna \u2013 p. Bogus\u0142awa &nbsp;Adaszy\u0144skiego<\/p>\n<p>-Przewodnicz\u0105cego &nbsp;Rady Miejskiej \u2013p. Waldemara Antkowiaka<\/p>\n<p>-Dyrektora Biura Prasowego Prowincji Krakowskiej -br. Artura Borkowskiego<\/p>\n<p>-Proboszcza Parafii Niepokalanego Pocz\u0119cia NMP w Wo\u0142czynie \u2013br. Rafa\u0142a Ta\u0144skiego<\/p>\n<p>-Przewodnicz\u0105cej Rady Rodzic\u00f3w Zespo\u0142u Szk\u00f3\u0142 w Wo\u0142czynie-p. Anety Szpak<\/p>\n<p>-przedstawicieli spo\u0142eczno\u015bci uczniowskiej &#8211; laureaci zorganizowanych konkurs\u00f3w zebrali si\u0119 w auli.<\/p>\n<p>&nbsp;&nbsp;&nbsp;&nbsp;&nbsp;&nbsp;&nbsp;&nbsp;&nbsp; Na wst\u0119pie g\u0142os zabra\u0142a pani dyrektor Ewa W\u0142os, kt\u00f3ra uroczy\u015bcie przywita\u0142a wszystkich zgromadzonych i wyg\u0142osi\u0142a kr\u00f3tk\u0105 przemow\u0119, odnosz\u0105c\u0105 si\u0119 do has\u0142a Dnia Papieskiego. Wyst\u0105pienie pani dyrektor zosta\u0142o nagrodzone oklaskami.<\/p>\n<p>Potem wszyscy zgromadzeni obejrzeli konferencj\u0119 z Janem Paw\u0142em II, kt\u00f3r\u0105 nakr\u0119cono w czasie wizyty Ojca \u015awi\u0119tego w Polsce w 1991 roku oraz kr\u00f3tkie nagranie z wypowiedziami naszych uczni\u00f3w o Patronie Szko\u0142y, kt\u00f3re prezentujemy poni\u017cej.<\/p>\n<p><iframe loading=\"lazy\" title=\"Uczniowie o patronie\" width=\"847\" height=\"476\" src=\"https:\/\/www.youtube.com\/embed\/-78lOooAoUQ?feature=oembed\" frameborder=\"0\" allow=\"accelerometer; autoplay; clipboard-write; encrypted-media; gyroscope; picture-in-picture; web-share\" referrerpolicy=\"strict-origin-when-cross-origin\" allowfullscreen><\/iframe><\/p>\n<p>&nbsp;<\/p>\n<p>&nbsp;&nbsp;&nbsp;&nbsp;&nbsp;&nbsp;&nbsp; P\u00f3\u017aniej nast\u0105pi\u0142o wr\u0119czenie nagr\u00f3d uczniom za konkursy, kolejno: literacki, plastyczny oraz sportowy &#8211; Bieg Patrona.&nbsp;<\/p>\n<p>&nbsp;&nbsp;&nbsp;&nbsp;&nbsp;&nbsp;&nbsp;&nbsp;&nbsp; Nasi uczniowie ch\u0119tnie, mimo \u015bwi\u0105tecznego dnia &#8211; 10 pa\u017adziernika, podj\u0119li si\u0119 kwestowania, na rzecz Dzie\u0142a Nowego Tysi\u0105clecia, czyli na rzecz fundacji, kt\u00f3ra wspiera kszta\u0142cenie wybitnie uzdolnionej m\u0142odzie\u017cy z niezamo\u017cnych rodzin. W zwi\u0105zku z powy\u017cszym otrzymali drobne upominki w dow\u00f3d wdzi\u0119czno\u015bci&nbsp; za po\u015bwi\u0119cony czas&nbsp; i zaanga\u017cowanie si\u0119 w t\u0119 kwest\u0119.<\/p>\n<p>&nbsp;&nbsp;&nbsp;&nbsp;&nbsp;&nbsp;&nbsp;&nbsp;&nbsp; Na zako\u0144czenie uroczysto\u015bci pani dyrektor Ewa W\u0142os podzi\u0119kowa\u0142a przyby\u0142ym go\u015bciom za u\u015bwietnienie uroczysto\u015bci oraz Radzie Rodzic\u00f3w za ufundowanie nagr\u00f3d dla uczni\u00f3w-laureat\u00f3w i finalist\u00f3w konkurs\u00f3w. Szczeg\u00f3le podzi\u0119kowania otrzymali r\u00f3wnie\u017c uczniowie oraz Ci, kt\u00f3rzy aktywnie w\u0142\u0105czyli si\u0119 w organizacj\u0119 wszystkich przedsi\u0119wzi\u0119\u0107 w ramach obchod\u00f3w \u015awi\u0119ta Patrona.<\/p>\n<p>Cieszymy si\u0119, \u017ce w tym roku uda\u0142o si\u0119 zorganizowa\u0107 \u015awi\u0119to Patrona, co by\u0142o niemo\u017cliwe w dw\u00f3ch ostatnich latach.<\/p>\n<p>Uroczysto\u015b\u0107 t\u0119&nbsp; swoim talentem muzycznym u\u015bwietni\u0142a&nbsp; nasza uczennica , Aleksandra Boduch, kt\u00f3ra graj\u0105c na pianinie utw\u00f3r Chopina oraz etiud\u0119 c-moll, w\u0142asnej kompozycji, umili\u0142a &nbsp;czas zebranym w auli.&nbsp;<\/p>\n<p>[ngg src=&#8221;galleries&#8221; ids=&#8221;66&#8243; display=&#8221;basic_thumbnail&#8221; thumbnail_crop=&#8221;0&#8243; number_of_columns=&#8221;4&#8243; show_slideshow_link=&#8221;1&#8243; slideshow_link_text=&#8221;Pokaz slajd\u00f3w&#8221;]<\/p>\n","protected":false},"excerpt":{"rendered":"<p>&nbsp;&nbsp;&nbsp;&nbsp;&nbsp;&nbsp;&nbsp;&nbsp;&nbsp; Dnia 8 listopada&nbsp; w auli&nbsp; Zespo\u0142u Szk\u00f3\u0142&nbsp; w Wo\u0142czynie mia\u0142 miejsce uroczysty apel&nbsp; z okazji XXI Dnia Papieskiego, patrona naszej szko\u0142y, Jana Paw\u0142a II, przebiegaj\u0105cym pod has\u0142em przewodnim &#8222;Nie <a href=\"http:\/\/zs.wolczyn.pl\/sp\/obchody-swieta-patrona-szkoly\/\" class=\"read-more\">Czytaj dalej &#8230;<\/a><\/p>\n","protected":false},"author":1,"featured_media":4903,"comment_status":"closed","ping_status":"open","sticky":false,"template":"","format":"standard","meta":{"footnotes":""},"categories":[3],"tags":[],"class_list":["post-4855","post","type-post","status-publish","format-standard","has-post-thumbnail","hentry","category-events"],"_links":{"self":[{"href":"http:\/\/zs.wolczyn.pl\/sp\/wp-json\/wp\/v2\/posts\/4855","targetHints":{"allow":["GET"]}}],"collection":[{"href":"http:\/\/zs.wolczyn.pl\/sp\/wp-json\/wp\/v2\/posts"}],"about":[{"href":"http:\/\/zs.wolczyn.pl\/sp\/wp-json\/wp\/v2\/types\/post"}],"author":[{"embeddable":true,"href":"http:\/\/zs.wolczyn.pl\/sp\/wp-json\/wp\/v2\/users\/1"}],"replies":[{"embeddable":true,"href":"http:\/\/zs.wolczyn.pl\/sp\/wp-json\/wp\/v2\/comments?post=4855"}],"version-history":[{"count":0,"href":"http:\/\/zs.wolczyn.pl\/sp\/wp-json\/wp\/v2\/posts\/4855\/revisions"}],"wp:featuredmedia":[{"embeddable":true,"href":"http:\/\/zs.wolczyn.pl\/sp\/wp-json\/wp\/v2\/media\/4903"}],"wp:attachment":[{"href":"http:\/\/zs.wolczyn.pl\/sp\/wp-json\/wp\/v2\/media?parent=4855"}],"wp:term":[{"taxonomy":"category","embeddable":true,"href":"http:\/\/zs.wolczyn.pl\/sp\/wp-json\/wp\/v2\/categories?post=4855"},{"taxonomy":"post_tag","embeddable":true,"href":"http:\/\/zs.wolczyn.pl\/sp\/wp-json\/wp\/v2\/tags?post=4855"}],"curies":[{"name":"wp","href":"https:\/\/api.w.org\/{rel}","templated":true}]}}